{"id":4696,"date":"2025-04-07T12:49:33","date_gmt":"2025-04-07T12:49:33","guid":{"rendered":"https:\/\/www.osir.dobremiasto.com.pl\/?p=4696"},"modified":"2025-04-07T12:50:00","modified_gmt":"2025-04-07T12:50:00","slug":"4696","status":"publish","type":"post","link":"https:\/\/www.osir.dobremiasto.com.pl\/index.php\/2025\/04\/07\/4696\/","title":{"rendered":"Lekkoatletyczna Moc Dobrego Miasta"},"content":{"rendered":"<p style=\"text-align: center;\" data-pm-slice=\"1 1 []\"><span style=\"font-family: arial, helvetica, sans-serif;\">Rozpoczynamy cykl wydarze\u0144 sportowo-rekreacyjnych pod nazw\u0105 \u201eLekkoatletyczna Moc Dobrego Miasta\u201d!<\/span><\/p>\n<p style=\"text-align: center;\"><span style=\"font-family: arial, helvetica, sans-serif;\">Z ogromn\u0105 rado\u015bci\u0105 informujemy, \u017ce nasze miasto stanie si\u0119 aren\u0105 wyj\u0105tkowych imprez sportowych, kt\u00f3rych celem jest promocja aktywno\u015bci fizycznej, integracja lokalnej spo\u0142eczno\u015bci oraz propagowanie zdrowego stylu \u017cycia w\u015br\u00f3d dzieci, m\u0142odzie\u017cy i doros\u0142ych.<\/span><\/p>\n<p style=\"text-align: center;\"><span style=\"font-family: arial, helvetica, sans-serif;\">Z dum\u0105 prezentujemy cykl wydarze\u0144 skierowanych do uczni\u00f3w szk\u00f3\u0142 podstawowych. Jeste\u015bmy niezwykle wdzi\u0119czni nauczycielom wychowania fizycznego oraz Dyrektorom szk\u00f3\u0142 za pe\u0142ne zaanga\u017cowanie, oddanie i wsparcie tej inicjatywy. Wasz wk\u0142ad jest nieoceniony!<\/span><\/p>\n<p style=\"text-align: center;\"><span style=\"font-family: arial, helvetica, sans-serif;\">Mocno trzymamy kciuki za wszystkie dzieci bior\u0105ce udzia\u0142 w zawodach, serdecznie im kibicujemy i g\u0142\u0119boko wierzymy, \u017ce te dzia\u0142ania w znacz\u0105cy spos\u00f3b przyczyni\u0105 si\u0119 do rozwoju i popularyzacji sportu w Dobrym Mie\u015bcie, szczeg\u00f3lnie w\u015br\u00f3d naszych najm\u0142odszych mieszka\u0144c\u00f3w.<\/span><\/p>\n<p style=\"text-align: center;\"><span style=\"font-family: arial, helvetica, sans-serif;\">Ju\u017c teraz pragniemy zapowiedzie\u0107 kolejne wydarzenia, tym razem kierowane do doros\u0142ych: ju\u017c 10 maja odb\u0119dzie si\u0119 II Dobromiejski Mityng Lekkoatletyczny a ju\u017c w czerwcu Otwarte Mistrzostwa Gminy Dobre Miasto (Open\/Masters). Szczeg\u00f3\u0142owe informacje ju\u017c wkr\u00f3tce!<\/span><\/p>\n<p style=\"text-align: center;\"><span style=\"font-family: arial, helvetica, sans-serif;\">Do zobaczenia na stadionie \u2013 niech lekkoatletyczna moc b\u0119dzie z nami wszystkimi!<\/span><\/p>\n<p><img loading=\"lazy\" decoding=\"async\" class=\"alignnone wp-image-4697\" src=\"http:\/\/www.osir.dobremiasto.com.pl\/wp-content\/uploads\/2025\/04\/1-1-212x300.png\" alt=\"\" width=\"496\" height=\"702\" srcset=\"https:\/\/www.osir.dobremiasto.com.pl\/wp-content\/uploads\/2025\/04\/1-1-212x300.png 212w, https:\/\/www.osir.dobremiasto.com.pl\/wp-content\/uploads\/2025\/04\/1-1-724x1024.png 724w, https:\/\/www.osir.dobremiasto.com.pl\/wp-content\/uploads\/2025\/04\/1-1-768x1086.png 768w, https:\/\/www.osir.dobremiasto.com.pl\/wp-content\/uploads\/2025\/04\/1-1-1086x1536.png 1086w, https:\/\/www.osir.dobremiasto.com.pl\/wp-content\/uploads\/2025\/04\/1-1-1448x2048.png 1448w, https:\/\/www.osir.dobremiasto.com.pl\/wp-content\/uploads\/2025\/04\/1-1.png 1587w\" sizes=\"(max-width: 496px) 100vw, 496px\" \/> <img loading=\"lazy\" decoding=\"async\" class=\"alignnone wp-image-4698\" src=\"http:\/\/www.osir.dobremiasto.com.pl\/wp-content\/uploads\/2025\/04\/2-212x300.png\" alt=\"\" width=\"496\" height=\"702\" srcset=\"https:\/\/www.osir.dobremiasto.com.pl\/wp-content\/uploads\/2025\/04\/2-212x300.png 212w, https:\/\/www.osir.dobremiasto.com.pl\/wp-content\/uploads\/2025\/04\/2-724x1024.png 724w, https:\/\/www.osir.dobremiasto.com.pl\/wp-content\/uploads\/2025\/04\/2-768x1086.png 768w, https:\/\/www.osir.dobremiasto.com.pl\/wp-content\/uploads\/2025\/04\/2-1086x1536.png 1086w, https:\/\/www.osir.dobremiasto.com.pl\/wp-content\/uploads\/2025\/04\/2-1448x2048.png 1448w, https:\/\/www.osir.dobremiasto.com.pl\/wp-content\/uploads\/2025\/04\/2.png 1587w\" sizes=\"(max-width: 496px) 100vw, 496px\" \/> <img loading=\"lazy\" decoding=\"async\" class=\"alignnone wp-image-4699\" src=\"http:\/\/www.osir.dobremiasto.com.pl\/wp-content\/uploads\/2025\/04\/3-212x300.png\" alt=\"\" width=\"497\" height=\"703\" srcset=\"https:\/\/www.osir.dobremiasto.com.pl\/wp-content\/uploads\/2025\/04\/3-212x300.png 212w, https:\/\/www.osir.dobremiasto.com.pl\/wp-content\/uploads\/2025\/04\/3-724x1024.png 724w, https:\/\/www.osir.dobremiasto.com.pl\/wp-content\/uploads\/2025\/04\/3-768x1086.png 768w, https:\/\/www.osir.dobremiasto.com.pl\/wp-content\/uploads\/2025\/04\/3-1086x1536.png 1086w, https:\/\/www.osir.dobremiasto.com.pl\/wp-content\/uploads\/2025\/04\/3-1448x2048.png 1448w, https:\/\/www.osir.dobremiasto.com.pl\/wp-content\/uploads\/2025\/04\/3.png 1587w\" sizes=\"(max-width: 497px) 100vw, 497px\" \/> <img loading=\"lazy\" decoding=\"async\" class=\"alignnone wp-image-4700\" src=\"http:\/\/www.osir.dobremiasto.com.pl\/wp-content\/uploads\/2025\/04\/4-212x300.png\" alt=\"\" width=\"498\" height=\"704\" srcset=\"https:\/\/www.osir.dobremiasto.com.pl\/wp-content\/uploads\/2025\/04\/4-212x300.png 212w, https:\/\/www.osir.dobremiasto.com.pl\/wp-content\/uploads\/2025\/04\/4-724x1024.png 724w, https:\/\/www.osir.dobremiasto.com.pl\/wp-content\/uploads\/2025\/04\/4-768x1086.png 768w, https:\/\/www.osir.dobremiasto.com.pl\/wp-content\/uploads\/2025\/04\/4-1086x1536.png 1086w, https:\/\/www.osir.dobremiasto.com.pl\/wp-content\/uploads\/2025\/04\/4-1448x2048.png 1448w, https:\/\/www.osir.dobremiasto.com.pl\/wp-content\/uploads\/2025\/04\/4.png 1587w\" sizes=\"(max-width: 498px) 100vw, 498px\" \/> <img loading=\"lazy\" decoding=\"async\" class=\"wp-image-4701 aligncenter\" src=\"http:\/\/www.osir.dobremiasto.com.pl\/wp-content\/uploads\/2025\/04\/5-212x300.png\" alt=\"\" width=\"494\" height=\"699\" srcset=\"https:\/\/www.osir.dobremiasto.com.pl\/wp-content\/uploads\/2025\/04\/5-212x300.png 212w, https:\/\/www.osir.dobremiasto.com.pl\/wp-content\/uploads\/2025\/04\/5-724x1024.png 724w, https:\/\/www.osir.dobremiasto.com.pl\/wp-content\/uploads\/2025\/04\/5-768x1086.png 768w, https:\/\/www.osir.dobremiasto.com.pl\/wp-content\/uploads\/2025\/04\/5-1086x1536.png 1086w, https:\/\/www.osir.dobremiasto.com.pl\/wp-content\/uploads\/2025\/04\/5-1448x2048.png 1448w, https:\/\/www.osir.dobremiasto.com.pl\/wp-content\/uploads\/2025\/04\/5.png 1587w\" sizes=\"(max-width: 494px) 100vw, 494px\" \/><\/p>\n<p>&nbsp;<\/p>\n","protected":false},"excerpt":{"rendered":"<p>Rozpoczynamy cykl wydarze\u0144 sportowo-rekreacyjnych pod nazw\u0105 \u201eLekkoatletyczna Moc Dobrego Miasta\u201d! Z ogromn\u0105 rado\u015bci\u0105 informujemy, \u017ce nasze miasto stanie si\u0119 aren\u0105 wyj\u0105tkowych imprez sportowych, kt\u00f3rych celem jest promocja aktywno\u015bci fizycznej, integracja lokalnej spo\u0142eczno\u015bci oraz propagowanie zdrowego stylu \u017cycia w\u015br\u00f3d dzieci, m\u0142odzie\u017cy i doros\u0142ych. Z dum\u0105 prezentujemy cykl wydarze\u0144 skierowanych do uczni\u00f3w [&hellip;]<\/p>\n","protected":false},"author":1,"featured_media":4697,"comment_status":"open","ping_status":"open","sticky":false,"template":"","format":"standard","meta":{"ngg_post_thumbnail":0,"footnotes":""},"categories":[1],"tags":[],"class_list":["post-4696","post","type-post","status-publish","format-standard","has-post-thumbnail","hentry","category-uncategorized"],"_links":{"self":[{"href":"https:\/\/www.osir.dobremiasto.com.pl\/index.php\/wp-json\/wp\/v2\/posts\/4696"}],"collection":[{"href":"https:\/\/www.osir.dobremiasto.com.pl\/index.php\/wp-json\/wp\/v2\/posts"}],"about":[{"href":"https:\/\/www.osir.dobremiasto.com.pl\/index.php\/wp-json\/wp\/v2\/types\/post"}],"author":[{"embeddable":true,"href":"https:\/\/www.osir.dobremiasto.com.pl\/index.php\/wp-json\/wp\/v2\/users\/1"}],"replies":[{"embeddable":true,"href":"https:\/\/www.osir.dobremiasto.com.pl\/index.php\/wp-json\/wp\/v2\/comments?post=4696"}],"version-history":[{"count":3,"href":"https:\/\/www.osir.dobremiasto.com.pl\/index.php\/wp-json\/wp\/v2\/posts\/4696\/revisions"}],"predecessor-version":[{"id":4704,"href":"https:\/\/www.osir.dobremiasto.com.pl\/index.php\/wp-json\/wp\/v2\/posts\/4696\/revisions\/4704"}],"wp:featuredmedia":[{"embeddable":true,"href":"https:\/\/www.osir.dobremiasto.com.pl\/index.php\/wp-json\/wp\/v2\/media\/4697"}],"wp:attachment":[{"href":"https:\/\/www.osir.dobremiasto.com.pl\/index.php\/wp-json\/wp\/v2\/media?parent=4696"}],"wp:term":[{"taxonomy":"category","embeddable":true,"href":"https:\/\/www.osir.dobremiasto.com.pl\/index.php\/wp-json\/wp\/v2\/categories?post=4696"},{"taxonomy":"post_tag","embeddable":true,"href":"https:\/\/www.osir.dobremiasto.com.pl\/index.php\/wp-json\/wp\/v2\/tags?post=4696"}],"curies":[{"name":"wp","href":"https:\/\/api.w.org\/{rel}","templated":true}]}}