{"id":4795,"date":"2025-05-29T12:39:04","date_gmt":"2025-05-29T12:39:04","guid":{"rendered":"https:\/\/www.osir.dobremiasto.com.pl\/?p=4795"},"modified":"2025-05-29T12:40:34","modified_gmt":"2025-05-29T12:40:34","slug":"4795","status":"publish","type":"post","link":"https:\/\/www.osir.dobremiasto.com.pl\/index.php\/2025\/05\/29\/4795\/","title":{"rendered":"Rodzinny Dzie\u0144 Dziecka!"},"content":{"rendered":"<p style=\"text-align: center;\" data-start=\"71\" data-end=\"112\"><span style=\"font-family: arial, helvetica, sans-serif;\"><strong data-start=\"71\" data-end=\"112\">Zapraszamy na Rodzinny Dzie\u0144 Dziecka!<\/strong><\/span><\/p>\n<p style=\"text-align: center;\" data-start=\"114\" data-end=\"308\"><span style=\"font-family: arial, helvetica, sans-serif;\">Serdecznie zapraszamy dzieci wraz z rodzicami \u2013 od najm\u0142odszych po najstarszych \u2013 na <strong data-start=\"199\" data-end=\"225\">Rodzinny Dzie\u0144 Dziecka<\/strong>, kt\u00f3ry odb\u0119dzie si\u0119 <strong data-start=\"246\" data-end=\"285\">w niedziel\u0119 1 czerwca w godzinach 10:00\u201312:00<\/strong> na <strong data-start=\"289\" data-end=\"307\">naszym basenie<\/strong>.<\/span><\/p>\n<p style=\"text-align: center;\" data-start=\"310\" data-end=\"322\"><span style=\"font-family: arial, helvetica, sans-serif;\">W programie:<\/span><\/p>\n<p style=\"text-align: center;\" data-start=\"325\" data-end=\"346\"><span style=\"font-family: arial, helvetica, sans-serif;\">gry i zabawy wodne,<\/span><\/p>\n<p style=\"text-align: center;\" data-start=\"349\" data-end=\"360\"><span style=\"font-family: arial, helvetica, sans-serif;\">animacje,<\/span><\/p>\n<p style=\"text-align: center;\" data-start=\"363\" data-end=\"424\"><span style=\"font-family: arial, helvetica, sans-serif;\">mn\u00f3stwo u\u015bmiechu i rado\u015bci z okazji \u015bwi\u0119ta wszystkich dzieci!<\/span><\/p>\n<p style=\"text-align: center;\" data-start=\"426\" data-end=\"465\"><span style=\"color: #0000ff;\"><strong><span style=\"font-family: arial, helvetica, sans-serif;\">Nie mo\u017ce Was zabrakn\u0105\u0107 \u2013 do zobaczenia!<\/span><\/strong><\/span><\/p>\n<p>&nbsp;<\/p>\n<p><img loading=\"lazy\" decoding=\"async\" class=\"aligncenter size-medium wp-image-4796\" src=\"http:\/\/www.osir.dobremiasto.com.pl\/wp-content\/uploads\/2025\/05\/Rodzinny-Dzien-Dziecka-212x300.png\" alt=\"\" width=\"212\" height=\"300\" srcset=\"https:\/\/www.osir.dobremiasto.com.pl\/wp-content\/uploads\/2025\/05\/Rodzinny-Dzien-Dziecka-212x300.png 212w, https:\/\/www.osir.dobremiasto.com.pl\/wp-content\/uploads\/2025\/05\/Rodzinny-Dzien-Dziecka-724x1024.png 724w, https:\/\/www.osir.dobremiasto.com.pl\/wp-content\/uploads\/2025\/05\/Rodzinny-Dzien-Dziecka-768x1086.png 768w, https:\/\/www.osir.dobremiasto.com.pl\/wp-content\/uploads\/2025\/05\/Rodzinny-Dzien-Dziecka-1086x1536.png 1086w, https:\/\/www.osir.dobremiasto.com.pl\/wp-content\/uploads\/2025\/05\/Rodzinny-Dzien-Dziecka-1448x2048.png 1448w, https:\/\/www.osir.dobremiasto.com.pl\/wp-content\/uploads\/2025\/05\/Rodzinny-Dzien-Dziecka.png 1587w\" sizes=\"(max-width: 212px) 100vw, 212px\" \/><\/p>\n","protected":false},"excerpt":{"rendered":"<p>Zapraszamy na Rodzinny Dzie\u0144 Dziecka! Serdecznie zapraszamy dzieci wraz z rodzicami \u2013 od najm\u0142odszych po najstarszych \u2013 na Rodzinny Dzie\u0144 Dziecka, kt\u00f3ry odb\u0119dzie si\u0119 w niedziel\u0119 1 czerwca w godzinach 10:00\u201312:00 na naszym basenie. W programie: gry i zabawy wodne, animacje, mn\u00f3stwo u\u015bmiechu i rado\u015bci z okazji \u015bwi\u0119ta wszystkich dzieci! [&hellip;]<\/p>\n","protected":false},"author":1,"featured_media":4796,"comment_status":"open","ping_status":"open","sticky":false,"template":"","format":"standard","meta":{"ngg_post_thumbnail":0,"footnotes":""},"categories":[1],"tags":[],"class_list":["post-4795","post","type-post","status-publish","format-standard","has-post-thumbnail","hentry","category-uncategorized"],"_links":{"self":[{"href":"https:\/\/www.osir.dobremiasto.com.pl\/index.php\/wp-json\/wp\/v2\/posts\/4795"}],"collection":[{"href":"https:\/\/www.osir.dobremiasto.com.pl\/index.php\/wp-json\/wp\/v2\/posts"}],"about":[{"href":"https:\/\/www.osir.dobremiasto.com.pl\/index.php\/wp-json\/wp\/v2\/types\/post"}],"author":[{"embeddable":true,"href":"https:\/\/www.osir.dobremiasto.com.pl\/index.php\/wp-json\/wp\/v2\/users\/1"}],"replies":[{"embeddable":true,"href":"https:\/\/www.osir.dobremiasto.com.pl\/index.php\/wp-json\/wp\/v2\/comments?post=4795"}],"version-history":[{"count":2,"href":"https:\/\/www.osir.dobremiasto.com.pl\/index.php\/wp-json\/wp\/v2\/posts\/4795\/revisions"}],"predecessor-version":[{"id":4798,"href":"https:\/\/www.osir.dobremiasto.com.pl\/index.php\/wp-json\/wp\/v2\/posts\/4795\/revisions\/4798"}],"wp:featuredmedia":[{"embeddable":true,"href":"https:\/\/www.osir.dobremiasto.com.pl\/index.php\/wp-json\/wp\/v2\/media\/4796"}],"wp:attachment":[{"href":"https:\/\/www.osir.dobremiasto.com.pl\/index.php\/wp-json\/wp\/v2\/media?parent=4795"}],"wp:term":[{"taxonomy":"category","embeddable":true,"href":"https:\/\/www.osir.dobremiasto.com.pl\/index.php\/wp-json\/wp\/v2\/categories?post=4795"},{"taxonomy":"post_tag","embeddable":true,"href":"https:\/\/www.osir.dobremiasto.com.pl\/index.php\/wp-json\/wp\/v2\/tags?post=4795"}],"curies":[{"name":"wp","href":"https:\/\/api.w.org\/{rel}","templated":true}]}}