{"id":4799,"date":"2025-05-29T12:43:05","date_gmt":"2025-05-29T12:43:05","guid":{"rendered":"https:\/\/www.osir.dobremiasto.com.pl\/?p=4799"},"modified":"2025-05-29T12:43:05","modified_gmt":"2025-05-29T12:43:05","slug":"4799","status":"publish","type":"post","link":"https:\/\/www.osir.dobremiasto.com.pl\/index.php\/2025\/05\/29\/4799\/","title":{"rendered":""},"content":{"rendered":"<p style=\"text-align: center;\" data-start=\"101\" data-end=\"133\"><span style=\"font-family: arial, helvetica, sans-serif;\"><strong data-start=\"101\" data-end=\"133\">Zapraszamy na Saunowanie! \ud83d\udd25<\/strong><\/span><\/p>\n<p style=\"text-align: center;\" data-start=\"135\" data-end=\"283\"><span style=\"font-family: arial, helvetica, sans-serif;\">Z uwagi na ogromne zainteresowanie \u2013 mamy dla Was <strong data-start=\"185\" data-end=\"205\">dwa nowe terminy<\/strong>! Prosto jak \u015bwie\u017ce bu\u0142eczki z piekarni \u2013 serwujemy <strong data-start=\"257\" data-end=\"282\">gor\u0105ce seanse saunowe<\/strong>:<\/span><\/p>\n<p style=\"text-align: center;\" data-start=\"285\" data-end=\"354\"><span style=\"font-family: arial, helvetica, sans-serif;\">\ud83d\uddd3 <strong data-start=\"288\" data-end=\"309\">Czwartek, 29 maja<\/strong><\/span><br data-start=\"309\" data-end=\"312\"><span style=\"font-family: arial, helvetica, sans-serif;\">\ud83d\udd54 Trzy seanse w godzinach <strong data-start=\"339\" data-end=\"354\">17:00\u201319:00<\/strong><\/span><\/p>\n<p style=\"text-align: center;\" data-start=\"356\" data-end=\"433\"><span style=\"font-family: arial, helvetica, sans-serif;\">\ud83d\uddd3 <strong data-start=\"359\" data-end=\"378\">Sobota, 31 maja<\/strong><\/span><br data-start=\"378\" data-end=\"381\"><span style=\"font-family: arial, helvetica, sans-serif;\">\ud83d\udd54 Trzy seanse \u2013 <strong data-start=\"398\" data-end=\"419\">weekendowy relaks<\/strong> gwarantowany!<\/span><\/p>\n<p style=\"text-align: center;\" data-start=\"435\" data-end=\"554\"><span style=\"font-family: arial, helvetica, sans-serif;\">Nie przegapcie \u2013 zabierzcie znajomych i wpadajcie na chwil\u0119 oddechu, ciep\u0142a i odpr\u0119\u017cenia.<\/span><br data-start=\"524\" data-end=\"527\"><span style=\"font-family: arial, helvetica, sans-serif;\"><strong data-start=\"527\" data-end=\"554\">Do zobaczenia w saunie!<\/strong><\/span><\/p>\n<p data-start=\"435\" data-end=\"554\"><img loading=\"lazy\" decoding=\"async\" class=\"aligncenter  wp-image-4801\" src=\"http:\/\/www.osir.dobremiasto.com.pl\/wp-content\/uploads\/2025\/05\/SAUNOWANIE1-212x300.png\" alt=\"\" width=\"427\" height=\"604\" srcset=\"https:\/\/www.osir.dobremiasto.com.pl\/wp-content\/uploads\/2025\/05\/SAUNOWANIE1-212x300.png 212w, https:\/\/www.osir.dobremiasto.com.pl\/wp-content\/uploads\/2025\/05\/SAUNOWANIE1-724x1024.png 724w, https:\/\/www.osir.dobremiasto.com.pl\/wp-content\/uploads\/2025\/05\/SAUNOWANIE1-768x1086.png 768w, https:\/\/www.osir.dobremiasto.com.pl\/wp-content\/uploads\/2025\/05\/SAUNOWANIE1-1086x1536.png 1086w, https:\/\/www.osir.dobremiasto.com.pl\/wp-content\/uploads\/2025\/05\/SAUNOWANIE1.png 1414w\" sizes=\"(max-width: 427px) 100vw, 427px\" \/><\/p>\n","protected":false},"excerpt":{"rendered":"<p>Zapraszamy na Saunowanie! \ud83d\udd25 Z uwagi na ogromne zainteresowanie \u2013 mamy dla Was dwa nowe terminy! Prosto jak \u015bwie\u017ce bu\u0142eczki z piekarni \u2013 serwujemy gor\u0105ce seanse saunowe: \ud83d\uddd3 Czwartek, 29 maja\ud83d\udd54 Trzy seanse w godzinach 17:00\u201319:00 \ud83d\uddd3 Sobota, 31 maja\ud83d\udd54 Trzy seanse \u2013 weekendowy relaks gwarantowany! Nie przegapcie \u2013 zabierzcie [&hellip;]<\/p>\n","protected":false},"author":1,"featured_media":4801,"comment_status":"open","ping_status":"open","sticky":false,"template":"","format":"standard","meta":{"ngg_post_thumbnail":0,"footnotes":""},"categories":[1],"tags":[],"class_list":["post-4799","post","type-post","status-publish","format-standard","has-post-thumbnail","hentry","category-uncategorized"],"_links":{"self":[{"href":"https:\/\/www.osir.dobremiasto.com.pl\/index.php\/wp-json\/wp\/v2\/posts\/4799"}],"collection":[{"href":"https:\/\/www.osir.dobremiasto.com.pl\/index.php\/wp-json\/wp\/v2\/posts"}],"about":[{"href":"https:\/\/www.osir.dobremiasto.com.pl\/index.php\/wp-json\/wp\/v2\/types\/post"}],"author":[{"embeddable":true,"href":"https:\/\/www.osir.dobremiasto.com.pl\/index.php\/wp-json\/wp\/v2\/users\/1"}],"replies":[{"embeddable":true,"href":"https:\/\/www.osir.dobremiasto.com.pl\/index.php\/wp-json\/wp\/v2\/comments?post=4799"}],"version-history":[{"count":2,"href":"https:\/\/www.osir.dobremiasto.com.pl\/index.php\/wp-json\/wp\/v2\/posts\/4799\/revisions"}],"predecessor-version":[{"id":4803,"href":"https:\/\/www.osir.dobremiasto.com.pl\/index.php\/wp-json\/wp\/v2\/posts\/4799\/revisions\/4803"}],"wp:featuredmedia":[{"embeddable":true,"href":"https:\/\/www.osir.dobremiasto.com.pl\/index.php\/wp-json\/wp\/v2\/media\/4801"}],"wp:attachment":[{"href":"https:\/\/www.osir.dobremiasto.com.pl\/index.php\/wp-json\/wp\/v2\/media?parent=4799"}],"wp:term":[{"taxonomy":"category","embeddable":true,"href":"https:\/\/www.osir.dobremiasto.com.pl\/index.php\/wp-json\/wp\/v2\/categories?post=4799"},{"taxonomy":"post_tag","embeddable":true,"href":"https:\/\/www.osir.dobremiasto.com.pl\/index.php\/wp-json\/wp\/v2\/tags?post=4799"}],"curies":[{"name":"wp","href":"https:\/\/api.w.org\/{rel}","templated":true}]}}