{"id":4848,"date":"2025-06-17T13:26:16","date_gmt":"2025-06-17T13:26:16","guid":{"rendered":"https:\/\/www.osir.dobremiasto.com.pl\/?p=4848"},"modified":"2025-06-17T13:30:57","modified_gmt":"2025-06-17T13:30:57","slug":"4848","status":"publish","type":"post","link":"https:\/\/www.osir.dobremiasto.com.pl\/index.php\/2025\/06\/17\/4848\/","title":{"rendered":"Charytatywny Rajd Rowerowy || Pla\u017ca Miejska || 28.06 || ok. 13:00"},"content":{"rendered":"<div class=\"html-div xdj266r x14z9mp xat24cr x1lziwak xexx8yu xyri2b x18d9i69 x1c1uobl\" dir=\"auto\">\n<div class=\"html-div xdj266r x14z9mp xat24cr x1lziwak xexx8yu xyri2b x18d9i69 x1c1uobl\" data-ad-rendering-role=\"story_message\">\n<div id=\"_r_mv_\" class=\"x1l90r2v x1iorvi4 x1g0dm76 xpdmqnj\" data-ad-comet-preview=\"message\" data-ad-preview=\"message\">\n<div class=\"x78zum5 xdt5ytf xz62fqu x16ldp7u\">\n<div class=\"xu06os2 x1ok221b\">\n<div class=\"html-div xdj266r x14z9mp xat24cr x1lziwak xexx8yu xyri2b x18d9i69 x1c1uobl\">\n<div class=\"xdj266r x14z9mp xat24cr x1lziwak x1vvkbs x126k92a\">\n<div dir=\"auto\" style=\"text-align: center;\"><span style=\"font-family: arial, helvetica, sans-serif; font-size: 14pt;\">Szanowni Pa\u0144stwo,<\/span><\/div>\n<\/div>\n<div class=\"x14z9mp xat24cr x1lziwak x1vvkbs xtlvy1s x126k92a\" style=\"text-align: center;\">\n<div dir=\"auto\"><span style=\"font-family: arial, helvetica, sans-serif; font-size: 14pt;\">Ju\u017c 28 czerwca 2025 r. w ramach akcji \u201ePolicyjna solidarno\u015b\u0107 \u2013 pomo\u017ce, bo mo\u017ce\u201d policjanci z naszego regionu wyrusz\u0105 w charytatywny Rajd Rowerowy do Wroc\u0142awia. W wydarzeniu bierze udzia\u0142 r\u00f3wnie\u017c funkcjonariusz z naszego Dobrego Miasta (bo przecie\u017c nasze miasto jest naprawd\u0119 Dobre! <span class=\"html-span xexx8yu xyri2b x18d9i69 x1c1uobl x1hl2dhg x16tdsg8 x1vvkbs x3nfvp2 x1j61x8r x1fcty0u xdj266r xat24cr xm2jcoa x1mpyi22 xxymvpz xlup9mm x1kky2od\"><img loading=\"lazy\" decoding=\"async\" class=\"xz74otr x15mokao x1ga7v0g x16uus16 xbiv7yw\" src=\"https:\/\/static.xx.fbcdn.net\/images\/emoji.php\/v9\/t7f\/1\/16\/1f60a.png\" alt=\"\ud83d\ude0a\" width=\"16\" height=\"16\"><\/span>).<\/span><\/div>\n<\/div>\n<div class=\"x14z9mp xat24cr x1lziwak x1vvkbs xtlvy1s x126k92a\" style=\"text-align: center;\">\n<div dir=\"auto\"><span style=\"font-family: arial, helvetica, sans-serif; font-size: 14pt;\">Mi\u0142o nam og\u0142osi\u0107, \u017ce pierwszy przystanek rajdu odb\u0119dzie si\u0119 w\u0142a\u015bnie u nas \u2013 na Pla\u017cy Miejskiej. Oko\u0142o godziny 12:00\u201313:00 zapraszamy wszystkich do wsp\u00f3lnego, g\u0142o\u015bnego i serdecznego przywitania uczestnik\u00f3w rajdu!<\/span><\/div>\n<\/div>\n<div class=\"x14z9mp xat24cr x1lziwak x1vvkbs xtlvy1s x126k92a\" style=\"text-align: center;\">\n<div dir=\"auto\"><span style=\"font-family: arial, helvetica, sans-serif; font-size: 14pt;\">Rajd ma charakter charytatywny \u2013 jego celem jest zebranie \u015brodk\u00f3w na leczenie trzech si\u00f3str: Emilki, Agnieszki i Dominiki Gniewkowskich (historia Dziewczynek kryje si\u0119 pod kodem QR).<\/span><\/div>\n<\/div>\n<div class=\"x14z9mp xat24cr x1lziwak x1vvkbs xtlvy1s x126k92a\">\n<div dir=\"auto\" style=\"text-align: center;\"><span style=\"font-family: arial, helvetica, sans-serif; font-size: 14pt;\">B\u0105d\u017amy razem, poka\u017cmy solidarno\u015b\u0107 i wsp\u00f3lnie wesprzyjmy t\u0119 szczytn\u0105 inicjatyw\u0119!<\/span><\/div>\n<div dir=\"auto\" style=\"text-align: center;\"><img loading=\"lazy\" decoding=\"async\" class=\"aligncenter wp-image-4849\" src=\"http:\/\/www.osir.dobremiasto.com.pl\/wp-content\/uploads\/2025\/06\/1000036415-212x300.jpg\" alt=\"\" width=\"423\" height=\"599\" srcset=\"https:\/\/www.osir.dobremiasto.com.pl\/wp-content\/uploads\/2025\/06\/1000036415-212x300.jpg 212w, https:\/\/www.osir.dobremiasto.com.pl\/wp-content\/uploads\/2025\/06\/1000036415-724x1024.jpg 724w, https:\/\/www.osir.dobremiasto.com.pl\/wp-content\/uploads\/2025\/06\/1000036415-768x1086.jpg 768w, https:\/\/www.osir.dobremiasto.com.pl\/wp-content\/uploads\/2025\/06\/1000036415-1086x1536.jpg 1086w, https:\/\/www.osir.dobremiasto.com.pl\/wp-content\/uploads\/2025\/06\/1000036415.jpg 1131w\" sizes=\"(max-width: 423px) 100vw, 423px\" \/><\/div>\n<\/div>\n<\/div>\n<\/div>\n<\/div>\n<\/div>\n<\/div>\n<\/div>\n","protected":false},"excerpt":{"rendered":"<p>Szanowni Pa\u0144stwo, Ju\u017c 28 czerwca 2025 r. w ramach akcji \u201ePolicyjna solidarno\u015b\u0107 \u2013 pomo\u017ce, bo mo\u017ce\u201d policjanci z naszego regionu wyrusz\u0105 w charytatywny Rajd Rowerowy do Wroc\u0142awia. W wydarzeniu bierze udzia\u0142 r\u00f3wnie\u017c funkcjonariusz z naszego Dobrego Miasta (bo przecie\u017c nasze miasto jest naprawd\u0119 Dobre! ). Mi\u0142o nam og\u0142osi\u0107, \u017ce pierwszy [&hellip;]<\/p>\n","protected":false},"author":1,"featured_media":4849,"comment_status":"open","ping_status":"open","sticky":false,"template":"","format":"standard","meta":{"ngg_post_thumbnail":0,"footnotes":""},"categories":[1],"tags":[],"class_list":["post-4848","post","type-post","status-publish","format-standard","has-post-thumbnail","hentry","category-uncategorized"],"_links":{"self":[{"href":"https:\/\/www.osir.dobremiasto.com.pl\/index.php\/wp-json\/wp\/v2\/posts\/4848"}],"collection":[{"href":"https:\/\/www.osir.dobremiasto.com.pl\/index.php\/wp-json\/wp\/v2\/posts"}],"about":[{"href":"https:\/\/www.osir.dobremiasto.com.pl\/index.php\/wp-json\/wp\/v2\/types\/post"}],"author":[{"embeddable":true,"href":"https:\/\/www.osir.dobremiasto.com.pl\/index.php\/wp-json\/wp\/v2\/users\/1"}],"replies":[{"embeddable":true,"href":"https:\/\/www.osir.dobremiasto.com.pl\/index.php\/wp-json\/wp\/v2\/comments?post=4848"}],"version-history":[{"count":2,"href":"https:\/\/www.osir.dobremiasto.com.pl\/index.php\/wp-json\/wp\/v2\/posts\/4848\/revisions"}],"predecessor-version":[{"id":4852,"href":"https:\/\/www.osir.dobremiasto.com.pl\/index.php\/wp-json\/wp\/v2\/posts\/4848\/revisions\/4852"}],"wp:featuredmedia":[{"embeddable":true,"href":"https:\/\/www.osir.dobremiasto.com.pl\/index.php\/wp-json\/wp\/v2\/media\/4849"}],"wp:attachment":[{"href":"https:\/\/www.osir.dobremiasto.com.pl\/index.php\/wp-json\/wp\/v2\/media?parent=4848"}],"wp:term":[{"taxonomy":"category","embeddable":true,"href":"https:\/\/www.osir.dobremiasto.com.pl\/index.php\/wp-json\/wp\/v2\/categories?post=4848"},{"taxonomy":"post_tag","embeddable":true,"href":"https:\/\/www.osir.dobremiasto.com.pl\/index.php\/wp-json\/wp\/v2\/tags?post=4848"}],"curies":[{"name":"wp","href":"https:\/\/api.w.org\/{rel}","templated":true}]}}