{"id":4862,"date":"2025-06-23T08:06:51","date_gmt":"2025-06-23T08:06:51","guid":{"rendered":"https:\/\/www.osir.dobremiasto.com.pl\/?p=4862"},"modified":"2025-06-23T08:06:51","modified_gmt":"2025-06-23T08:06:51","slug":"godziny-otwarcia-basenu-sezon-wakacyjny","status":"publish","type":"post","link":"https:\/\/www.osir.dobremiasto.com.pl\/index.php\/2025\/06\/23\/godziny-otwarcia-basenu-sezon-wakacyjny\/","title":{"rendered":"Godziny otwarcia basenu || Sezon wakacyjny"},"content":{"rendered":"<div class=\"html-div xdj266r x14z9mp xat24cr x1lziwak xexx8yu xyri2b x18d9i69 x1c1uobl\" dir=\"auto\">\n<div class=\"html-div xdj266r x14z9mp xat24cr x1lziwak xexx8yu xyri2b x18d9i69 x1c1uobl\" data-ad-rendering-role=\"story_message\">\n<div id=\"_r_1bh_\" class=\"x1l90r2v x1iorvi4 x1g0dm76 xpdmqnj\" data-ad-comet-preview=\"message\" data-ad-preview=\"message\">\n<div class=\"x78zum5 xdt5ytf xz62fqu x16ldp7u\">\n<div class=\"xu06os2 x1ok221b\">\n<div class=\"html-div xdj266r x14z9mp xat24cr x1lziwak xexx8yu xyri2b x18d9i69 x1c1uobl\">\n<div class=\"xdj266r x14z9mp xat24cr x1lziwak x1vvkbs x126k92a\">\n<div dir=\"auto\" style=\"text-align: center;\"><span style=\"font-family: arial, helvetica, sans-serif; font-size: 14pt;\">Ju\u017c w najbli\u017cszy weekend rozpoczynamy sezon letni!<\/span><\/div>\n<\/div>\n<div class=\"x14z9mp xat24cr x1lziwak x1vvkbs xtlvy1s x126k92a\" style=\"text-align: center;\">\n<div dir=\"auto\"><span style=\"font-family: arial, helvetica, sans-serif; font-size: 14pt;\">Od 28 czerwca zapraszamy na Pla\u017c\u0119 Miejsk\u0105!<\/span><\/div>\n<\/div>\n<div class=\"x14z9mp xat24cr x1lziwak x1vvkbs xtlvy1s x126k92a\" style=\"text-align: center;\">\n<div dir=\"auto\"><span style=\"font-family: arial, helvetica, sans-serif; font-size: 14pt;\">Jednocze\u015bnie od soboty, 28 czerwca, basen b\u0119dzie czynny codziennie w godzinach 13:00\u201321:00, a\u017c do ko\u0144ca sierpnia 2025 r.<\/span><\/div>\n<\/div>\n<div class=\"x14z9mp xat24cr x1lziwak x1vvkbs xtlvy1s x126k92a\" style=\"text-align: center;\">\n<div dir=\"auto\"><span style=\"font-family: arial, helvetica, sans-serif; font-size: 14pt;\">W dniu otwarcia Pla\u017cy Miejskiej czeka na Was wyj\u0105tkowe wydarzenie \u2014 pokaz Strongman\u00f3w, kt\u00f3ry rozpocznie si\u0119 o godzinie 11:00!<\/span><\/div>\n<\/div>\n<div class=\"x14z9mp xat24cr x1lziwak x1vvkbs xtlvy1s x126k92a\" style=\"text-align: center;\">\n<div dir=\"auto\"><span style=\"font-family: arial, helvetica, sans-serif; font-size: 14pt;\">Zach\u0119camy tak\u017ce do skorzystania z naszej wypo\u017cyczalni sprz\u0119tu wodnego \u2013 czekaj\u0105 na Was rowery wodne, kajaki i SUP-y!<\/span><\/div>\n<\/div>\n<div class=\"x14z9mp xat24cr x1lziwak x1vvkbs xtlvy1s x126k92a\">\n<div dir=\"auto\" style=\"text-align: center;\"><span style=\"font-family: arial, helvetica, sans-serif; font-size: 14pt;\"><span class=\"html-span xexx8yu xyri2b x18d9i69 x1c1uobl x1hl2dhg x16tdsg8 x1vvkbs x3nfvp2 x1j61x8r x1fcty0u xdj266r xat24cr xm2jcoa x1mpyi22 xxymvpz xlup9mm x1kky2od\"><img loading=\"lazy\" decoding=\"async\" class=\"xz74otr x15mokao x1ga7v0g x16uus16 xbiv7yw\" src=\"https:\/\/static.xx.fbcdn.net\/images\/emoji.php\/v9\/tbc\/1\/16\/1f30a.png\" alt=\"\ud83c\udf0a\" width=\"16\" height=\"16\"><\/span> Do zobaczenia na basenie i pla\u017cy!<\/span><\/div>\n<div dir=\"auto\" style=\"text-align: center;\"><img loading=\"lazy\" decoding=\"async\" class=\"aligncenter  wp-image-4863\" src=\"http:\/\/www.osir.dobremiasto.com.pl\/wp-content\/uploads\/2025\/06\/Godziny-otwarcia-plywalni-na-Fali-w-majowke4-300x251.png\" alt=\"\" width=\"824\" height=\"689\"><\/div>\n<\/div>\n<\/div>\n<\/div>\n<\/div>\n<\/div>\n<\/div>\n<\/div>\n","protected":false},"excerpt":{"rendered":"<p>Ju\u017c w najbli\u017cszy weekend rozpoczynamy sezon letni! Od 28 czerwca zapraszamy na Pla\u017c\u0119 Miejsk\u0105! Jednocze\u015bnie od soboty, 28 czerwca, basen b\u0119dzie czynny codziennie w godzinach 13:00\u201321:00, a\u017c do ko\u0144ca sierpnia 2025 r. W dniu otwarcia Pla\u017cy Miejskiej czeka na Was wyj\u0105tkowe wydarzenie \u2014 pokaz Strongman\u00f3w, kt\u00f3ry rozpocznie si\u0119 o godzinie [&hellip;]<\/p>\n","protected":false},"author":1,"featured_media":4863,"comment_status":"open","ping_status":"open","sticky":false,"template":"","format":"standard","meta":{"ngg_post_thumbnail":0,"footnotes":""},"categories":[1],"tags":[],"class_list":["post-4862","post","type-post","status-publish","format-standard","has-post-thumbnail","hentry","category-uncategorized"],"_links":{"self":[{"href":"https:\/\/www.osir.dobremiasto.com.pl\/index.php\/wp-json\/wp\/v2\/posts\/4862"}],"collection":[{"href":"https:\/\/www.osir.dobremiasto.com.pl\/index.php\/wp-json\/wp\/v2\/posts"}],"about":[{"href":"https:\/\/www.osir.dobremiasto.com.pl\/index.php\/wp-json\/wp\/v2\/types\/post"}],"author":[{"embeddable":true,"href":"https:\/\/www.osir.dobremiasto.com.pl\/index.php\/wp-json\/wp\/v2\/users\/1"}],"replies":[{"embeddable":true,"href":"https:\/\/www.osir.dobremiasto.com.pl\/index.php\/wp-json\/wp\/v2\/comments?post=4862"}],"version-history":[{"count":1,"href":"https:\/\/www.osir.dobremiasto.com.pl\/index.php\/wp-json\/wp\/v2\/posts\/4862\/revisions"}],"predecessor-version":[{"id":4864,"href":"https:\/\/www.osir.dobremiasto.com.pl\/index.php\/wp-json\/wp\/v2\/posts\/4862\/revisions\/4864"}],"wp:featuredmedia":[{"embeddable":true,"href":"https:\/\/www.osir.dobremiasto.com.pl\/index.php\/wp-json\/wp\/v2\/media\/4863"}],"wp:attachment":[{"href":"https:\/\/www.osir.dobremiasto.com.pl\/index.php\/wp-json\/wp\/v2\/media?parent=4862"}],"wp:term":[{"taxonomy":"category","embeddable":true,"href":"https:\/\/www.osir.dobremiasto.com.pl\/index.php\/wp-json\/wp\/v2\/categories?post=4862"},{"taxonomy":"post_tag","embeddable":true,"href":"https:\/\/www.osir.dobremiasto.com.pl\/index.php\/wp-json\/wp\/v2\/tags?post=4862"}],"curies":[{"name":"wp","href":"https:\/\/api.w.org\/{rel}","templated":true}]}}