{"id":4869,"date":"2025-07-14T09:39:53","date_gmt":"2025-07-14T09:39:53","guid":{"rendered":"https:\/\/www.osir.dobremiasto.com.pl\/?p=4869"},"modified":"2025-07-14T09:39:53","modified_gmt":"2025-07-14T09:39:53","slug":"lato-z-osir-na-osiedlach","status":"publish","type":"post","link":"https:\/\/www.osir.dobremiasto.com.pl\/index.php\/2025\/07\/14\/lato-z-osir-na-osiedlach\/","title":{"rendered":"Lato z OSiR na Osiedlach"},"content":{"rendered":"<p data-start=\"106\" data-end=\"175\"><span style=\"font-family: arial, helvetica, sans-serif;\"><strong data-start=\"109\" data-end=\"172\">Lato z OSiR na Osiedlach \u2013 Startujemy ju\u017c pod koniec lipca!<\/strong> \ud83c\udf33<\/span><\/p>\n<p data-start=\"177\" data-end=\"365\"><span style=\"font-family: arial, helvetica, sans-serif;\">Drodzy Mieszka\u0144cy Dobrego Miasta!<\/span><br data-start=\"210\" data-end=\"213\"><span style=\"font-family: arial, helvetica, sans-serif;\">Wraz z Zarz\u0105dami Osiedli i naszymi niezast\u0105pionymi animatorami zapraszamy Was na wyj\u0105tkowy cykl wakacyjnych spotka\u0144 \u2013 <strong data-start=\"331\" data-end=\"361\">&#8222;Lato z OSiR na Osiedlach&#8221;<\/strong>! \ud83c\udf89<\/span><\/p>\n<p data-start=\"367\" data-end=\"547\"><span style=\"font-family: arial, helvetica, sans-serif;\">Ka\u017cde osiedle stanie si\u0119 aren\u0105 sportu, zabawy i wsp\u00f3lnego sp\u0119dzania czasu. Czeka na Was moc atrakcji przygotowanych z my\u015bl\u0105 o najm\u0142odszych (ale doro\u015bli te\u017c si\u0119 nie b\u0119d\u0105 nudzi\u0107 \ud83d\ude09):<\/span><\/p>\n<p data-start=\"549\" data-end=\"799\"><span style=\"font-family: arial, helvetica, sans-serif;\">\ud83c\udfc3\u200d\u2642\ufe0f Dobromiejska gra terenowa<\/span><br data-start=\"580\" data-end=\"583\"><span style=\"font-family: arial, helvetica, sans-serif;\">\ud83c\udfaf Dawne zabawy \u2013 powr\u00f3t do dzieci\u0144stwa!<\/span><br data-start=\"623\" data-end=\"626\"><span style=\"font-family: arial, helvetica, sans-serif;\">\u26bd Turnieje sportowe i aktywno\u015bci na \u015bwie\u017cym powietrzu<\/span><br data-start=\"679\" data-end=\"682\"><span style=\"font-family: arial, helvetica, sans-serif;\">\ud83e\udd47 Lekkoatletyka dla ka\u017cdego<\/span><br data-start=\"710\" data-end=\"713\"><span style=\"font-family: arial, helvetica, sans-serif;\">\ud83e\uddd7 Tory przeszk\u00f3d i sztafety<\/span><br data-start=\"741\" data-end=\"744\"><span style=\"font-family: arial, helvetica, sans-serif;\">\ud83d\udd25 Ognisko z pysznymi kie\u0142baskami na zako\u0144czenie dnia<\/span><\/p>\n<p data-start=\"801\" data-end=\"884\"><span style=\"font-family: arial, helvetica, sans-serif;\">To doskona\u0142a okazja, by wsp\u00f3lnie sp\u0119dzi\u0107 letnie popo\u0142udnia, aktywnie i z u\u015bmiechem!<\/span><\/p>\n<p data-start=\"801\" data-end=\"884\"><img loading=\"lazy\" decoding=\"async\" class=\"aligncenter size-medium wp-image-4870\" src=\"http:\/\/www.osir.dobremiasto.com.pl\/wp-content\/uploads\/2025\/07\/gorny-212x300.png\" alt=\"\" width=\"212\" height=\"300\" srcset=\"https:\/\/www.osir.dobremiasto.com.pl\/wp-content\/uploads\/2025\/07\/gorny-212x300.png 212w, https:\/\/www.osir.dobremiasto.com.pl\/wp-content\/uploads\/2025\/07\/gorny-724x1024.png 724w, https:\/\/www.osir.dobremiasto.com.pl\/wp-content\/uploads\/2025\/07\/gorny-768x1086.png 768w, https:\/\/www.osir.dobremiasto.com.pl\/wp-content\/uploads\/2025\/07\/gorny-1086x1536.png 1086w, https:\/\/www.osir.dobremiasto.com.pl\/wp-content\/uploads\/2025\/07\/gorny-1448x2048.png 1448w, https:\/\/www.osir.dobremiasto.com.pl\/wp-content\/uploads\/2025\/07\/gorny.png 1587w\" sizes=\"(max-width: 212px) 100vw, 212px\" \/> <img loading=\"lazy\" decoding=\"async\" class=\"aligncenter size-medium wp-image-4871\" src=\"http:\/\/www.osir.dobremiasto.com.pl\/wp-content\/uploads\/2025\/07\/srodmiescie5-212x300.png\" alt=\"\" width=\"212\" height=\"300\" srcset=\"https:\/\/www.osir.dobremiasto.com.pl\/wp-content\/uploads\/2025\/07\/srodmiescie5-212x300.png 212w, https:\/\/www.osir.dobremiasto.com.pl\/wp-content\/uploads\/2025\/07\/srodmiescie5-724x1024.png 724w, https:\/\/www.osir.dobremiasto.com.pl\/wp-content\/uploads\/2025\/07\/srodmiescie5-768x1086.png 768w, https:\/\/www.osir.dobremiasto.com.pl\/wp-content\/uploads\/2025\/07\/srodmiescie5-1086x1536.png 1086w, https:\/\/www.osir.dobremiasto.com.pl\/wp-content\/uploads\/2025\/07\/srodmiescie5-1448x2048.png 1448w, https:\/\/www.osir.dobremiasto.com.pl\/wp-content\/uploads\/2025\/07\/srodmiescie5.png 1587w\" sizes=\"(max-width: 212px) 100vw, 212px\" \/> <img loading=\"lazy\" decoding=\"async\" class=\"aligncenter size-medium wp-image-4872\" src=\"http:\/\/www.osir.dobremiasto.com.pl\/wp-content\/uploads\/2025\/07\/Wakacje-Przysiolek-212x300.png\" alt=\"\" width=\"212\" height=\"300\" srcset=\"https:\/\/www.osir.dobremiasto.com.pl\/wp-content\/uploads\/2025\/07\/Wakacje-Przysiolek-212x300.png 212w, https:\/\/www.osir.dobremiasto.com.pl\/wp-content\/uploads\/2025\/07\/Wakacje-Przysiolek-724x1024.png 724w, https:\/\/www.osir.dobremiasto.com.pl\/wp-content\/uploads\/2025\/07\/Wakacje-Przysiolek-768x1086.png 768w, https:\/\/www.osir.dobremiasto.com.pl\/wp-content\/uploads\/2025\/07\/Wakacje-Przysiolek-1086x1536.png 1086w, https:\/\/www.osir.dobremiasto.com.pl\/wp-content\/uploads\/2025\/07\/Wakacje-Przysiolek-1448x2048.png 1448w, https:\/\/www.osir.dobremiasto.com.pl\/wp-content\/uploads\/2025\/07\/Wakacje-Przysiolek.png 1587w\" sizes=\"(max-width: 212px) 100vw, 212px\" \/> <img loading=\"lazy\" decoding=\"async\" class=\"aligncenter size-medium wp-image-4873\" src=\"http:\/\/www.osir.dobremiasto.com.pl\/wp-content\/uploads\/2025\/07\/Wakacje-za-miedza2-212x300.png\" alt=\"\" width=\"212\" height=\"300\" srcset=\"https:\/\/www.osir.dobremiasto.com.pl\/wp-content\/uploads\/2025\/07\/Wakacje-za-miedza2-212x300.png 212w, https:\/\/www.osir.dobremiasto.com.pl\/wp-content\/uploads\/2025\/07\/Wakacje-za-miedza2-724x1024.png 724w, https:\/\/www.osir.dobremiasto.com.pl\/wp-content\/uploads\/2025\/07\/Wakacje-za-miedza2-768x1086.png 768w, https:\/\/www.osir.dobremiasto.com.pl\/wp-content\/uploads\/2025\/07\/Wakacje-za-miedza2-1086x1536.png 1086w, https:\/\/www.osir.dobremiasto.com.pl\/wp-content\/uploads\/2025\/07\/Wakacje-za-miedza2-1448x2048.png 1448w, https:\/\/www.osir.dobremiasto.com.pl\/wp-content\/uploads\/2025\/07\/Wakacje-za-miedza2.png 1587w\" sizes=\"(max-width: 212px) 100vw, 212px\" \/><\/p>\n","protected":false},"excerpt":{"rendered":"<p>Lato z OSiR na Osiedlach \u2013 Startujemy ju\u017c pod koniec lipca! \ud83c\udf33 Drodzy Mieszka\u0144cy Dobrego Miasta!Wraz z Zarz\u0105dami Osiedli i naszymi niezast\u0105pionymi animatorami zapraszamy Was na wyj\u0105tkowy cykl wakacyjnych spotka\u0144 \u2013 &#8222;Lato z OSiR na Osiedlach&#8221;! \ud83c\udf89 Ka\u017cde osiedle stanie si\u0119 aren\u0105 sportu, zabawy i wsp\u00f3lnego sp\u0119dzania czasu. Czeka na [&hellip;]<\/p>\n","protected":false},"author":1,"featured_media":4874,"comment_status":"open","ping_status":"open","sticky":false,"template":"","format":"standard","meta":{"ngg_post_thumbnail":0,"footnotes":""},"categories":[1],"tags":[],"class_list":["post-4869","post","type-post","status-publish","format-standard","has-post-thumbnail","hentry","category-uncategorized"],"_links":{"self":[{"href":"https:\/\/www.osir.dobremiasto.com.pl\/index.php\/wp-json\/wp\/v2\/posts\/4869"}],"collection":[{"href":"https:\/\/www.osir.dobremiasto.com.pl\/index.php\/wp-json\/wp\/v2\/posts"}],"about":[{"href":"https:\/\/www.osir.dobremiasto.com.pl\/index.php\/wp-json\/wp\/v2\/types\/post"}],"author":[{"embeddable":true,"href":"https:\/\/www.osir.dobremiasto.com.pl\/index.php\/wp-json\/wp\/v2\/users\/1"}],"replies":[{"embeddable":true,"href":"https:\/\/www.osir.dobremiasto.com.pl\/index.php\/wp-json\/wp\/v2\/comments?post=4869"}],"version-history":[{"count":1,"href":"https:\/\/www.osir.dobremiasto.com.pl\/index.php\/wp-json\/wp\/v2\/posts\/4869\/revisions"}],"predecessor-version":[{"id":4875,"href":"https:\/\/www.osir.dobremiasto.com.pl\/index.php\/wp-json\/wp\/v2\/posts\/4869\/revisions\/4875"}],"wp:featuredmedia":[{"embeddable":true,"href":"https:\/\/www.osir.dobremiasto.com.pl\/index.php\/wp-json\/wp\/v2\/media\/4874"}],"wp:attachment":[{"href":"https:\/\/www.osir.dobremiasto.com.pl\/index.php\/wp-json\/wp\/v2\/media?parent=4869"}],"wp:term":[{"taxonomy":"category","embeddable":true,"href":"https:\/\/www.osir.dobremiasto.com.pl\/index.php\/wp-json\/wp\/v2\/categories?post=4869"},{"taxonomy":"post_tag","embeddable":true,"href":"https:\/\/www.osir.dobremiasto.com.pl\/index.php\/wp-json\/wp\/v2\/tags?post=4869"}],"curies":[{"name":"wp","href":"https:\/\/api.w.org\/{rel}","templated":true}]}}