{"id":4893,"date":"2025-08-07T11:32:46","date_gmt":"2025-08-07T11:32:46","guid":{"rendered":"https:\/\/www.osir.dobremiasto.com.pl\/?p=4893"},"modified":"2025-08-07T11:32:46","modified_gmt":"2025-08-07T11:32:46","slug":"szkola-magii-i-czarodziejstwa-plaza-miejska-piatek-8-sierpnia-1600","status":"publish","type":"post","link":"https:\/\/www.osir.dobremiasto.com.pl\/index.php\/2025\/08\/07\/szkola-magii-i-czarodziejstwa-plaza-miejska-piatek-8-sierpnia-1600\/","title":{"rendered":"Szko\u0142a Magii i Czarodziejstwa || Pla\u017ca Miejska || pi\u0105tek, 8 sierpnia ||16:00"},"content":{"rendered":"<div class=\"html-div xdj266r x14z9mp xat24cr x1lziwak xexx8yu xyri2b x18d9i69 x1c1uobl\" dir=\"auto\">\n<div class=\"html-div xdj266r x14z9mp xat24cr x1lziwak xexx8yu xyri2b x18d9i69 x1c1uobl\" data-ad-rendering-role=\"story_message\">\n<div id=\"_r_7v_\" class=\"x1l90r2v x1iorvi4 x1g0dm76 xpdmqnj\" data-ad-comet-preview=\"message\" data-ad-preview=\"message\">\n<div class=\"x78zum5 xdt5ytf xz62fqu x16ldp7u\">\n<div class=\"xu06os2 x1ok221b\">\n<div class=\"html-div xdj266r x14z9mp xat24cr x1lziwak xexx8yu xyri2b x18d9i69 x1c1uobl\">\n<div class=\"xdj266r x14z9mp xat24cr x1lziwak x1vvkbs x126k92a\">\n<div dir=\"auto\"><span style=\"font-family: arial, helvetica, sans-serif; font-size: 14pt;\">Ju\u017c w najbli\u017cszy pi\u0105tek 8 sierpnia, o godzinie 16:00 zapraszamy wszystkie dzieci \u2013 ma\u0142e i du\u017ce \u2013 na nasz\u0105 pla\u017c\u0119 w Swobodnej na niezwyk\u0142e wydarzenie w klimacie czarodziejskiej szko\u0142y magii!<\/span><\/div>\n<\/div>\n<div class=\"x14z9mp xat24cr x1lziwak x1vvkbs xtlvy1s x126k92a\">\n<div dir=\"auto\"><span style=\"font-family: arial, helvetica, sans-serif; font-size: 14pt;\">Przygotujcie si\u0119 na wiecz\u00f3r pe\u0142en magii, rywalizacji i fantastycznej zabawy!<\/span><\/div>\n<\/div>\n<div class=\"x14z9mp xat24cr x1lziwak x1vvkbs xtlvy1s x126k92a\">\n<div dir=\"auto\"><span style=\"font-family: arial, helvetica, sans-serif; font-size: 14pt;\">Co Was czeka?<\/span><\/div>\n<div dir=\"auto\"><span style=\"font-family: arial, helvetica, sans-serif; font-size: 14pt;\">Powitanie uczni\u00f3w przez Dyrektora Szko\u0142y Magii, ceremonia Przydzia\u0142u \u2013 Tiara Przydzia\u0142u opowie histori\u0119 szko\u0142y i jej za\u0142o\u017cycieli, a nast\u0119pnie przydzieli Was do jednego z dw\u00f3ch magicznych Dom\u00f3w, kt\u00f3re b\u0119d\u0105 walczy\u0107 o Puchar Dom\u00f3w! <span class=\"html-span xexx8yu xyri2b x18d9i69 x1c1uobl x1hl2dhg x16tdsg8 x1vvkbs x3nfvp2 x1j61x8r x1fcty0u xdj266r xat24cr xm2jcoa x1mpyi22 xxymvpz xlup9mm x1kky2od\"><img loading=\"lazy\" decoding=\"async\" class=\"xz74otr x15mokao x1ga7v0g x16uus16 xbiv7yw\" src=\"https:\/\/static.xx.fbcdn.net\/images\/emoji.php\/v9\/tbe\/1\/16\/1f3c6.png\" alt=\"\ud83c\udfc6\" width=\"16\" height=\"16\"><\/span><\/span><\/div>\n<\/div>\n<div class=\"x14z9mp xat24cr x1lziwak x1vvkbs xtlvy1s x126k92a\">\n<div dir=\"auto\"><span style=\"font-family: arial, helvetica, sans-serif; font-size: 14pt;\">A potem ju\u017c tylko czary i magia:<\/span><\/div>\n<div dir=\"auto\"><span style=\"font-family: arial, helvetica, sans-serif; font-size: 14pt;\">&#8211; Lekcja Zakl\u0119\u0107 \u2013 nauka wypowiadania zakl\u0119\u0107 i pisania ich g\u0119sim pi\u00f3rem.<\/span><\/div>\n<div dir=\"auto\"><span style=\"font-family: arial, helvetica, sans-serif; font-size: 14pt;\">&#8211; Lekcja Eliksir\u00f3w \u2013 mieszanie magicznych mikstur z niesamowitych sk\u0142adnik\u00f3w.<\/span><\/div>\n<div dir=\"auto\"><span style=\"font-family: arial, helvetica, sans-serif; font-size: 14pt;\">&#8211; Lekcja Latania na Miotle i mecz Quidditcha \u2013 slalom, zawody i wielka gra, kt\u00f3ra mo\u017ce zmieni\u0107 losy rywalizacji!<\/span><\/div>\n<div dir=\"auto\"><span style=\"font-family: arial, helvetica, sans-serif; font-size: 14pt;\">&#8211; Walka na Czarodziejskie Miecze \u2013 bezpieczna, ale emocjonuj\u0105ca zabawa z magicznymi klingami.<\/span><\/div>\n<\/div>\n<div class=\"x14z9mp xat24cr x1lziwak x1vvkbs xtlvy1s x126k92a\">\n<div dir=\"auto\"><span style=\"font-family: arial, helvetica, sans-serif; font-size: 14pt;\">Na koniec: og\u0142oszenie wynik\u00f3w i wr\u0119czenie Pucharu Dom\u00f3w!<\/span><\/div>\n<\/div>\n<div class=\"x14z9mp xat24cr x1lziwak x1vvkbs xtlvy1s x126k92a\">\n<div dir=\"auto\"><span style=\"font-family: arial, helvetica, sans-serif; font-size: 14pt;\">Zaj\u0119cia poprowadz\u0105 profesorowie w prawdziwie magicznych strojach \u2013 w tym sam Dyrektor Szko\u0142y!<\/span><\/div>\n<div dir=\"auto\"><span style=\"font-family: arial, helvetica, sans-serif; font-size: 14pt;\">To b\u0119dzie niezapomniana podr\u00f3\u017c do \u015bwiata magii!<\/span><\/div>\n<\/div>\n<div class=\"x14z9mp xat24cr x1lziwak x1vvkbs xtlvy1s x126k92a\">\n<div dir=\"auto\"><span style=\"font-family: arial, helvetica, sans-serif; font-size: 14pt;\">Widzimy si\u0119 na pla\u017cy \u2013 zabierzcie ze sob\u0105 u\u015bmiech, ch\u0119\u0107 do zabawy i odrobin\u0119 wyobra\u017ani!<\/span><\/div>\n<\/div>\n<div class=\"x14z9mp xat24cr x1lziwak x1vvkbs xtlvy1s x126k92a\">\n<div dir=\"auto\"><span style=\"font-family: arial, helvetica, sans-serif; font-size: 14pt;\">Zapraszamy niezale\u017cnie od pogody, kt\u00f3ra ostatnio p\u0142ata nam figle, gdy\u017c wydarzenie odb\u0119dzie si\u0119 w specjalnie przygotowanym dla Was Domu Magii i Czarodziejstwa!<\/span><\/div>\n<div dir=\"auto\"><img loading=\"lazy\" decoding=\"async\" class=\"aligncenter  wp-image-4894\" src=\"http:\/\/www.osir.dobremiasto.com.pl\/wp-content\/uploads\/2025\/08\/Piatek-8-sierpnia-225x300.png\" alt=\"\" width=\"874\" height=\"1165\" srcset=\"https:\/\/www.osir.dobremiasto.com.pl\/wp-content\/uploads\/2025\/08\/Piatek-8-sierpnia-225x300.png 225w, https:\/\/www.osir.dobremiasto.com.pl\/wp-content\/uploads\/2025\/08\/Piatek-8-sierpnia-768x1024.png 768w, https:\/\/www.osir.dobremiasto.com.pl\/wp-content\/uploads\/2025\/08\/Piatek-8-sierpnia.png 960w\" sizes=\"(max-width: 874px) 100vw, 874px\" \/><\/div>\n<\/div>\n<\/div>\n<\/div>\n<\/div>\n<\/div>\n<\/div>\n<\/div>\n","protected":false},"excerpt":{"rendered":"<p>Ju\u017c w najbli\u017cszy pi\u0105tek 8 sierpnia, o godzinie 16:00 zapraszamy wszystkie dzieci \u2013 ma\u0142e i du\u017ce \u2013 na nasz\u0105 pla\u017c\u0119 w Swobodnej na niezwyk\u0142e wydarzenie w klimacie czarodziejskiej szko\u0142y magii! Przygotujcie si\u0119 na wiecz\u00f3r pe\u0142en magii, rywalizacji i fantastycznej zabawy! Co Was czeka? Powitanie uczni\u00f3w przez Dyrektora Szko\u0142y Magii, ceremonia [&hellip;]<\/p>\n","protected":false},"author":1,"featured_media":4894,"comment_status":"open","ping_status":"open","sticky":false,"template":"","format":"standard","meta":{"ngg_post_thumbnail":0,"footnotes":""},"categories":[1],"tags":[],"class_list":["post-4893","post","type-post","status-publish","format-standard","has-post-thumbnail","hentry","category-uncategorized"],"_links":{"self":[{"href":"https:\/\/www.osir.dobremiasto.com.pl\/index.php\/wp-json\/wp\/v2\/posts\/4893"}],"collection":[{"href":"https:\/\/www.osir.dobremiasto.com.pl\/index.php\/wp-json\/wp\/v2\/posts"}],"about":[{"href":"https:\/\/www.osir.dobremiasto.com.pl\/index.php\/wp-json\/wp\/v2\/types\/post"}],"author":[{"embeddable":true,"href":"https:\/\/www.osir.dobremiasto.com.pl\/index.php\/wp-json\/wp\/v2\/users\/1"}],"replies":[{"embeddable":true,"href":"https:\/\/www.osir.dobremiasto.com.pl\/index.php\/wp-json\/wp\/v2\/comments?post=4893"}],"version-history":[{"count":1,"href":"https:\/\/www.osir.dobremiasto.com.pl\/index.php\/wp-json\/wp\/v2\/posts\/4893\/revisions"}],"predecessor-version":[{"id":4895,"href":"https:\/\/www.osir.dobremiasto.com.pl\/index.php\/wp-json\/wp\/v2\/posts\/4893\/revisions\/4895"}],"wp:featuredmedia":[{"embeddable":true,"href":"https:\/\/www.osir.dobremiasto.com.pl\/index.php\/wp-json\/wp\/v2\/media\/4894"}],"wp:attachment":[{"href":"https:\/\/www.osir.dobremiasto.com.pl\/index.php\/wp-json\/wp\/v2\/media?parent=4893"}],"wp:term":[{"taxonomy":"category","embeddable":true,"href":"https:\/\/www.osir.dobremiasto.com.pl\/index.php\/wp-json\/wp\/v2\/categories?post=4893"},{"taxonomy":"post_tag","embeddable":true,"href":"https:\/\/www.osir.dobremiasto.com.pl\/index.php\/wp-json\/wp\/v2\/tags?post=4893"}],"curies":[{"name":"wp","href":"https:\/\/api.w.org\/{rel}","templated":true}]}}