{"id":4900,"date":"2025-08-07T11:36:03","date_gmt":"2025-08-07T11:36:03","guid":{"rendered":"https:\/\/www.osir.dobremiasto.com.pl\/?p=4900"},"modified":"2025-08-07T11:36:03","modified_gmt":"2025-08-07T11:36:03","slug":"festival-latawcow-plaza-miejska-sobota-9-sierpnia-od-1200","status":"publish","type":"post","link":"https:\/\/www.osir.dobremiasto.com.pl\/index.php\/2025\/08\/07\/festival-latawcow-plaza-miejska-sobota-9-sierpnia-od-1200\/","title":{"rendered":"Festival latawc\u00f3w || Pla\u017ca Miejska || sobota, 9 sierpnia || od 12:00"},"content":{"rendered":"<div class=\"html-div xdj266r x14z9mp xat24cr x1lziwak xexx8yu xyri2b x18d9i69 x1c1uobl\" dir=\"auto\">\n<div class=\"html-div xdj266r x14z9mp xat24cr x1lziwak xexx8yu xyri2b x18d9i69 x1c1uobl\" data-ad-rendering-role=\"story_message\">\n<div id=\"_r_1n_\" class=\"x1l90r2v x1iorvi4 x1g0dm76 xpdmqnj\" data-ad-comet-preview=\"message\" data-ad-preview=\"message\">\n<div class=\"x78zum5 xdt5ytf xz62fqu x16ldp7u\">\n<div class=\"xu06os2 x1ok221b\">\n<div class=\"html-div xdj266r x14z9mp xat24cr x1lziwak xexx8yu xyri2b x18d9i69 x1c1uobl\">\n<div class=\"xdj266r x14z9mp xat24cr x1lziwak x1vvkbs x126k92a\">\n<div dir=\"auto\"><span style=\"font-family: arial, helvetica, sans-serif; font-size: 14pt;\">Latawce, wiatr i magia lata!<\/span><\/div>\n<\/div>\n<div class=\"x14z9mp xat24cr x1lziwak x1vvkbs xtlvy1s x126k92a\">\n<div dir=\"auto\"><span style=\"font-family: arial, helvetica, sans-serif; font-size: 14pt;\">Ju\u017c w najbli\u017csz\u0105 sobot\u0119, 9 sierpnia, zapraszamy Was na wyj\u0105tkowe wydarzenie na pla\u017cy miejskiej w Swobodnej \u2013 Festiwal Latawc\u00f3w! <span class=\"html-span xexx8yu xyri2b x18d9i69 x1c1uobl x1hl2dhg x16tdsg8 x1vvkbs x3nfvp2 x1j61x8r x1fcty0u xdj266r xat24cr xm2jcoa x1mpyi22 xxymvpz xlup9mm x1kky2od\"><img loading=\"lazy\" decoding=\"async\" class=\"xz74otr x15mokao x1ga7v0g x16uus16 xbiv7yw\" src=\"https:\/\/static.xx.fbcdn.net\/images\/emoji.php\/v9\/t32\/1\/16\/1fa81.png\" alt=\"\ud83e\ude81\" width=\"16\" height=\"16\"><\/span><span class=\"html-span xexx8yu xyri2b x18d9i69 x1c1uobl x1hl2dhg x16tdsg8 x1vvkbs x3nfvp2 x1j61x8r x1fcty0u xdj266r xat24cr xm2jcoa x1mpyi22 xxymvpz xlup9mm x1kky2od\"><img loading=\"lazy\" decoding=\"async\" class=\"xz74otr x15mokao x1ga7v0g x16uus16 xbiv7yw\" src=\"https:\/\/static.xx.fbcdn.net\/images\/emoji.php\/v9\/tf4\/1\/16\/2728.png\" alt=\"\u2728\" width=\"16\" height=\"16\"><\/span><\/span><\/div>\n<\/div>\n<div class=\"x14z9mp xat24cr x1lziwak x1vvkbs xtlvy1s x126k92a\">\n<div dir=\"auto\"><span style=\"font-family: arial, helvetica, sans-serif; font-size: 14pt;\">Czeka nas dzie\u0144 pe\u0142en kolor\u00f3w, \u015bmiechu i czystej rado\u015bci \u2013 nie tylko b\u0119dziecie mogli podziwia\u0107 niezwyk\u0142e pokazy latawc\u00f3w, ale te\u017c stworzy\u0107 w\u0142asne, barwne cuda i wypu\u015bci\u0107 je w niebo pod okiem prawdziwych mistrz\u00f3w.<\/span><\/div>\n<\/div>\n<div class=\"x14z9mp xat24cr x1lziwak x1vvkbs xtlvy1s x126k92a\">\n<div dir=\"auto\"><span style=\"font-family: arial, helvetica, sans-serif; font-size: 14pt;\"><span class=\"html-span xexx8yu xyri2b x18d9i69 x1c1uobl x1hl2dhg x16tdsg8 x1vvkbs x3nfvp2 x1j61x8r x1fcty0u xdj266r xat24cr xm2jcoa x1mpyi22 xxymvpz xlup9mm x1kky2od\"><img loading=\"lazy\" decoding=\"async\" class=\"xz74otr x15mokao x1ga7v0g x16uus16 xbiv7yw\" src=\"https:\/\/static.xx.fbcdn.net\/images\/emoji.php\/v9\/t72\/1\/16\/1f538.png\" alt=\"\ud83d\udd38\" width=\"16\" height=\"16\"><\/span> Startujemy o 12:00 \u2013 zabierzcie rodzin\u0119, przyjaci\u00f3\u0142 i dobry humor!<\/span><\/div>\n<div dir=\"auto\"><span style=\"font-family: arial, helvetica, sans-serif; font-size: 14pt;\"><span class=\"html-span xexx8yu xyri2b x18d9i69 x1c1uobl x1hl2dhg x16tdsg8 x1vvkbs x3nfvp2 x1j61x8r x1fcty0u xdj266r xat24cr xm2jcoa x1mpyi22 xxymvpz xlup9mm x1kky2od\"><img loading=\"lazy\" decoding=\"async\" class=\"xz74otr x15mokao x1ga7v0g x16uus16 xbiv7yw\" src=\"https:\/\/static.xx.fbcdn.net\/images\/emoji.php\/v9\/t72\/1\/16\/1f538.png\" alt=\"\ud83d\udd38\" width=\"16\" height=\"16\"><\/span> B\u0119d\u0105 warsztaty, loty, inspiracje i odrobina dzieci\u0119cej magii.<\/span><\/div>\n<\/div>\n<div class=\"x14z9mp xat24cr x1lziwak x1vvkbs xtlvy1s x126k92a\">\n<div dir=\"auto\"><span style=\"font-family: arial, helvetica, sans-serif; font-size: 14pt;\">Niech to b\u0119dzie dzie\u0144, kt\u00f3ry na d\u0142ugo zostanie w Waszych sercach \u2013 bo niebo tego dnia b\u0119dzie nale\u017ce\u0107 do Waszych marze\u0144! <span class=\"html-span xexx8yu xyri2b x18d9i69 x1c1uobl x1hl2dhg x16tdsg8 x1vvkbs x3nfvp2 x1j61x8r x1fcty0u xdj266r xat24cr xm2jcoa x1mpyi22 xxymvpz xlup9mm x1kky2od\"><img loading=\"lazy\" decoding=\"async\" class=\"xz74otr x15mokao x1ga7v0g x16uus16 xbiv7yw\" src=\"https:\/\/static.xx.fbcdn.net\/images\/emoji.php\/v9\/t97\/1\/16\/1fa75.png\" alt=\"\ud83e\ude75\" width=\"16\" height=\"16\"><\/span><\/span><\/div>\n<\/div>\n<div class=\"x14z9mp xat24cr x1lziwak x1vvkbs xtlvy1s x126k92a\">\n<div dir=\"auto\"><span style=\"font-family: arial, helvetica, sans-serif; font-size: 14pt;\">Do zobaczenia na pla\u017cy!<\/span><\/div>\n<div dir=\"auto\"><img loading=\"lazy\" decoding=\"async\" class=\"aligncenter  wp-image-4901\" src=\"http:\/\/www.osir.dobremiasto.com.pl\/wp-content\/uploads\/2025\/08\/FESTIVAL-LATAWCOW-225x300.png\" alt=\"\" width=\"777\" height=\"1036\" srcset=\"https:\/\/www.osir.dobremiasto.com.pl\/wp-content\/uploads\/2025\/08\/FESTIVAL-LATAWCOW-225x300.png 225w, https:\/\/www.osir.dobremiasto.com.pl\/wp-content\/uploads\/2025\/08\/FESTIVAL-LATAWCOW-768x1024.png 768w, https:\/\/www.osir.dobremiasto.com.pl\/wp-content\/uploads\/2025\/08\/FESTIVAL-LATAWCOW.png 960w\" sizes=\"(max-width: 777px) 100vw, 777px\" \/><\/div>\n<\/div>\n<\/div>\n<\/div>\n<\/div>\n<\/div>\n<\/div>\n<\/div>\n","protected":false},"excerpt":{"rendered":"<p>Latawce, wiatr i magia lata! Ju\u017c w najbli\u017csz\u0105 sobot\u0119, 9 sierpnia, zapraszamy Was na wyj\u0105tkowe wydarzenie na pla\u017cy miejskiej w Swobodnej \u2013 Festiwal Latawc\u00f3w! Czeka nas dzie\u0144 pe\u0142en kolor\u00f3w, \u015bmiechu i czystej rado\u015bci \u2013 nie tylko b\u0119dziecie mogli podziwia\u0107 niezwyk\u0142e pokazy latawc\u00f3w, ale te\u017c stworzy\u0107 w\u0142asne, barwne cuda i wypu\u015bci\u0107 [&hellip;]<\/p>\n","protected":false},"author":1,"featured_media":4901,"comment_status":"open","ping_status":"open","sticky":false,"template":"","format":"standard","meta":{"ngg_post_thumbnail":0,"footnotes":""},"categories":[1],"tags":[],"class_list":["post-4900","post","type-post","status-publish","format-standard","has-post-thumbnail","hentry","category-uncategorized"],"_links":{"self":[{"href":"https:\/\/www.osir.dobremiasto.com.pl\/index.php\/wp-json\/wp\/v2\/posts\/4900"}],"collection":[{"href":"https:\/\/www.osir.dobremiasto.com.pl\/index.php\/wp-json\/wp\/v2\/posts"}],"about":[{"href":"https:\/\/www.osir.dobremiasto.com.pl\/index.php\/wp-json\/wp\/v2\/types\/post"}],"author":[{"embeddable":true,"href":"https:\/\/www.osir.dobremiasto.com.pl\/index.php\/wp-json\/wp\/v2\/users\/1"}],"replies":[{"embeddable":true,"href":"https:\/\/www.osir.dobremiasto.com.pl\/index.php\/wp-json\/wp\/v2\/comments?post=4900"}],"version-history":[{"count":1,"href":"https:\/\/www.osir.dobremiasto.com.pl\/index.php\/wp-json\/wp\/v2\/posts\/4900\/revisions"}],"predecessor-version":[{"id":4902,"href":"https:\/\/www.osir.dobremiasto.com.pl\/index.php\/wp-json\/wp\/v2\/posts\/4900\/revisions\/4902"}],"wp:featuredmedia":[{"embeddable":true,"href":"https:\/\/www.osir.dobremiasto.com.pl\/index.php\/wp-json\/wp\/v2\/media\/4901"}],"wp:attachment":[{"href":"https:\/\/www.osir.dobremiasto.com.pl\/index.php\/wp-json\/wp\/v2\/media?parent=4900"}],"wp:term":[{"taxonomy":"category","embeddable":true,"href":"https:\/\/www.osir.dobremiasto.com.pl\/index.php\/wp-json\/wp\/v2\/categories?post=4900"},{"taxonomy":"post_tag","embeddable":true,"href":"https:\/\/www.osir.dobremiasto.com.pl\/index.php\/wp-json\/wp\/v2\/tags?post=4900"}],"curies":[{"name":"wp","href":"https:\/\/api.w.org\/{rel}","templated":true}]}}