{"id":4911,"date":"2025-08-11T12:26:36","date_gmt":"2025-08-11T12:26:36","guid":{"rendered":"https:\/\/www.osir.dobremiasto.com.pl\/?p=4911"},"modified":"2025-08-11T12:26:36","modified_gmt":"2025-08-11T12:26:36","slug":"basen-na-fali-w-dniach-11-31-sierpnia-nieczynny-z-powodu-prac-serwisowych","status":"publish","type":"post","link":"https:\/\/www.osir.dobremiasto.com.pl\/index.php\/2025\/08\/11\/basen-na-fali-w-dniach-11-31-sierpnia-nieczynny-z-powodu-prac-serwisowych\/","title":{"rendered":"Basen &#8222;na Fali&#8221; w dniach 11-31 sierpnia NIECZYNNY z powodu prac serwisowych"},"content":{"rendered":"<p>Basen &#8222;na Fali&#8221; w dniach 11-31 sierpnia NIECZYNNY z powodu prac serwisowych.<\/p>\n<p>Zapraszamy ju\u017c 1 wrze\u015bnia.&nbsp;<\/p>\n<p>Za utrudnienia przepraszamy<\/p>\n<p>Zesp\u00f3\u0142 OSiR<\/p>\n","protected":false},"excerpt":{"rendered":"<p>Basen &#8222;na Fali&#8221; w dniach 11-31 sierpnia NIECZYNNY z powodu prac serwisowych. Zapraszamy ju\u017c 1 wrze\u015bnia.&nbsp; Za utrudnienia przepraszamy Zesp\u00f3\u0142 OSiR<\/p>\n","protected":false},"author":1,"featured_media":4912,"comment_status":"open","ping_status":"open","sticky":false,"template":"","format":"standard","meta":{"ngg_post_thumbnail":0,"footnotes":""},"categories":[1],"tags":[],"class_list":["post-4911","post","type-post","status-publish","format-standard","has-post-thumbnail","hentry","category-uncategorized"],"_links":{"self":[{"href":"https:\/\/www.osir.dobremiasto.com.pl\/index.php\/wp-json\/wp\/v2\/posts\/4911"}],"collection":[{"href":"https:\/\/www.osir.dobremiasto.com.pl\/index.php\/wp-json\/wp\/v2\/posts"}],"about":[{"href":"https:\/\/www.osir.dobremiasto.com.pl\/index.php\/wp-json\/wp\/v2\/types\/post"}],"author":[{"embeddable":true,"href":"https:\/\/www.osir.dobremiasto.com.pl\/index.php\/wp-json\/wp\/v2\/users\/1"}],"replies":[{"embeddable":true,"href":"https:\/\/www.osir.dobremiasto.com.pl\/index.php\/wp-json\/wp\/v2\/comments?post=4911"}],"version-history":[{"count":1,"href":"https:\/\/www.osir.dobremiasto.com.pl\/index.php\/wp-json\/wp\/v2\/posts\/4911\/revisions"}],"predecessor-version":[{"id":4913,"href":"https:\/\/www.osir.dobremiasto.com.pl\/index.php\/wp-json\/wp\/v2\/posts\/4911\/revisions\/4913"}],"wp:featuredmedia":[{"embeddable":true,"href":"https:\/\/www.osir.dobremiasto.com.pl\/index.php\/wp-json\/wp\/v2\/media\/4912"}],"wp:attachment":[{"href":"https:\/\/www.osir.dobremiasto.com.pl\/index.php\/wp-json\/wp\/v2\/media?parent=4911"}],"wp:term":[{"taxonomy":"category","embeddable":true,"href":"https:\/\/www.osir.dobremiasto.com.pl\/index.php\/wp-json\/wp\/v2\/categories?post=4911"},{"taxonomy":"post_tag","embeddable":true,"href":"https:\/\/www.osir.dobremiasto.com.pl\/index.php\/wp-json\/wp\/v2\/tags?post=4911"}],"curies":[{"name":"wp","href":"https:\/\/api.w.org\/{rel}","templated":true}]}}