{"id":4937,"date":"2025-10-03T09:03:14","date_gmt":"2025-10-03T09:03:14","guid":{"rendered":"https:\/\/www.osir.dobremiasto.com.pl\/?p=4937"},"modified":"2025-10-03T09:03:14","modified_gmt":"2025-10-03T09:03:14","slug":"informacja-basen-na-fali-we-tworek-7-10-2025-czynny-od-godziny-1300","status":"publish","type":"post","link":"https:\/\/www.osir.dobremiasto.com.pl\/index.php\/2025\/10\/03\/informacja-basen-na-fali-we-tworek-7-10-2025-czynny-od-godziny-1300\/","title":{"rendered":"INFORMACJA || Basen &#8222;na Fali&#8221; we tworek 7.10.2025 czynny od godziny 13:00"},"content":{"rendered":"<p style=\"text-align: center;\"><span style=\"font-family: arial, helvetica, sans-serif; font-size: 14pt;\">Szanowni Klienci,<\/span><br \/>\n<span style=\"font-family: arial, helvetica, sans-serif; font-size: 14pt;\">Informujemy, \u017ce we wtorek 7 pa\u017adziernika <span class=\"xv78j7m\" spellcheck=\"false\">Basen &#8222;na Fali&#8221; <\/span> b\u0119dzie czynny od godziny 13:00 <\/span><span style=\"font-family: arial, helvetica, sans-serif; font-size: 14pt;\">z powodu przerw w dostawie wody.<\/span><br \/>\n<span style=\"font-family: arial, helvetica, sans-serif; font-size: 14pt;\">Za utrudnienia przepraszamy.<\/span><\/p>\n","protected":false},"excerpt":{"rendered":"<p>Szanowni Klienci, Informujemy, \u017ce we wtorek 7 pa\u017adziernika Basen &#8222;na Fali&#8221; b\u0119dzie czynny od godziny 13:00 z powodu przerw w dostawie wody. Za utrudnienia przepraszamy.<\/p>\n","protected":false},"author":1,"featured_media":4938,"comment_status":"open","ping_status":"open","sticky":false,"template":"","format":"standard","meta":{"ngg_post_thumbnail":0,"footnotes":""},"categories":[1],"tags":[],"class_list":["post-4937","post","type-post","status-publish","format-standard","has-post-thumbnail","hentry","category-uncategorized"],"_links":{"self":[{"href":"https:\/\/www.osir.dobremiasto.com.pl\/index.php\/wp-json\/wp\/v2\/posts\/4937"}],"collection":[{"href":"https:\/\/www.osir.dobremiasto.com.pl\/index.php\/wp-json\/wp\/v2\/posts"}],"about":[{"href":"https:\/\/www.osir.dobremiasto.com.pl\/index.php\/wp-json\/wp\/v2\/types\/post"}],"author":[{"embeddable":true,"href":"https:\/\/www.osir.dobremiasto.com.pl\/index.php\/wp-json\/wp\/v2\/users\/1"}],"replies":[{"embeddable":true,"href":"https:\/\/www.osir.dobremiasto.com.pl\/index.php\/wp-json\/wp\/v2\/comments?post=4937"}],"version-history":[{"count":1,"href":"https:\/\/www.osir.dobremiasto.com.pl\/index.php\/wp-json\/wp\/v2\/posts\/4937\/revisions"}],"predecessor-version":[{"id":4939,"href":"https:\/\/www.osir.dobremiasto.com.pl\/index.php\/wp-json\/wp\/v2\/posts\/4937\/revisions\/4939"}],"wp:featuredmedia":[{"embeddable":true,"href":"https:\/\/www.osir.dobremiasto.com.pl\/index.php\/wp-json\/wp\/v2\/media\/4938"}],"wp:attachment":[{"href":"https:\/\/www.osir.dobremiasto.com.pl\/index.php\/wp-json\/wp\/v2\/media?parent=4937"}],"wp:term":[{"taxonomy":"category","embeddable":true,"href":"https:\/\/www.osir.dobremiasto.com.pl\/index.php\/wp-json\/wp\/v2\/categories?post=4937"},{"taxonomy":"post_tag","embeddable":true,"href":"https:\/\/www.osir.dobremiasto.com.pl\/index.php\/wp-json\/wp\/v2\/tags?post=4937"}],"curies":[{"name":"wp","href":"https:\/\/api.w.org\/{rel}","templated":true}]}}