{"id":4941,"date":"2025-10-16T12:04:54","date_gmt":"2025-10-16T12:04:54","guid":{"rendered":"https:\/\/www.osir.dobremiasto.com.pl\/?p=4941"},"modified":"2025-10-16T12:04:54","modified_gmt":"2025-10-16T12:04:54","slug":"xiii-dobromiejskie-biegi-niepodleglosci-11-listopada-2025","status":"publish","type":"post","link":"https:\/\/www.osir.dobremiasto.com.pl\/index.php\/2025\/10\/16\/xiii-dobromiejskie-biegi-niepodleglosci-11-listopada-2025\/","title":{"rendered":"XIII Dobromiejskie Biegi Niepodleg\u0142o\u015bci \u2013 11 listopada 2025"},"content":{"rendered":"<div class=\"html-div xdj266r x14z9mp xat24cr x1lziwak xexx8yu xyri2b x18d9i69 x1c1uobl\" dir=\"auto\">\n<div class=\"html-div xdj266r x14z9mp xat24cr x1lziwak xexx8yu xyri2b x18d9i69 x1c1uobl\" data-ad-rendering-role=\"story_message\">\n<div id=\"_r_me_\" class=\"x1l90r2v x1iorvi4 x1g0dm76 xpdmqnj\" data-ad-comet-preview=\"message\" data-ad-preview=\"message\">\n<div class=\"x78zum5 xdt5ytf xz62fqu x16ldp7u\">\n<div class=\"xu06os2 x1ok221b\">\n<div class=\"html-div xdj266r x14z9mp xat24cr x1lziwak xexx8yu xyri2b x18d9i69 x1c1uobl\">\n<div class=\"xdj266r x14z9mp xat24cr x1lziwak x1vvkbs x126k92a\">\n<div dir=\"auto\" style=\"text-align: center;\"><span style=\"font-family: arial, helvetica, sans-serif; font-size: 14pt;\">XIII Dobromiejskie Biegi Niepodleg\u0142o\u015bci \u2013 11 listopada 2025 r. <span class=\"html-span xexx8yu xyri2b x18d9i69 x1c1uobl x1hl2dhg x16tdsg8 x1vvkbs x3nfvp2 x1j61x8r x1fcty0u xdj266r xat24cr xm2jcoa x1mpyi22 xxymvpz xlup9mm x1kky2od\"><img loading=\"lazy\" decoding=\"async\" class=\"xz74otr x15mokao x1ga7v0g x16uus16 xbiv7yw\" src=\"https:\/\/static.xx.fbcdn.net\/images\/emoji.php\/v9\/te0\/1\/16\/1f1f5_1f1f1.png\" alt=\"\ud83c\uddf5\ud83c\uddf1\" width=\"16\" height=\"16\"><\/span><\/span><\/div>\n<\/div>\n<div class=\"x14z9mp xat24cr x1lziwak x1vvkbs xtlvy1s x126k92a\" style=\"text-align: center;\">\n<div dir=\"auto\"><span style=\"font-family: arial, helvetica, sans-serif; font-size: 14pt;\">Ju\u017c po raz trzynasty spotkamy si\u0119, by uczci\u0107 \u015awi\u0119to Niepodleg\u0142o\u015bci na sportowo!<\/span><\/div>\n<div dir=\"auto\"><span style=\"font-family: arial, helvetica, sans-serif; font-size: 14pt;\">Zapraszamy Pa\u0144stwa w dniu 11 listopada o godzinie 11:00 \u2013 tradycyjnie rozpoczniemy wsp\u00f3lnym, <\/span><\/div>\n<div dir=\"auto\"><span style=\"font-family: arial, helvetica, sans-serif; font-size: 14pt;\">uroczystym od\u015bpiewaniem Hymnu Narodowego.<\/span><\/div>\n<\/div>\n<div class=\"x14z9mp xat24cr x1lziwak x1vvkbs xtlvy1s x126k92a\" style=\"text-align: center;\">\n<div dir=\"auto\"><span style=\"font-family: arial, helvetica, sans-serif; font-size: 14pt;\">W tym roku nasz bieg wychodzi poza ramy stadionu miejskiego \u2013 czeka Was nowa, ciekawa trasa i jeszcze wi\u0119cej sportowych emocji!<\/span><\/div>\n<\/div>\n<div class=\"x14z9mp xat24cr x1lziwak x1vvkbs xtlvy1s x126k92a\" style=\"text-align: center;\">\n<div dir=\"auto\"><span style=\"font-family: arial, helvetica, sans-serif; font-size: 14pt;\">Zach\u0119camy wszystkich mieszka\u0144c\u00f3w Dobrego Miasta i okolic do udzia\u0142u! To doskona\u0142a okazja, by wsp\u00f3lnie \u015bwi\u0119towa\u0107, aktywnie sp\u0119dzi\u0107 czas i poczu\u0107 prawdziwego ducha jedno\u015bci i patriotyzmu.<\/span><\/div>\n<\/div>\n<div class=\"x14z9mp xat24cr x1lziwak x1vvkbs xtlvy1s x126k92a\" style=\"text-align: center;\">\n<div dir=\"auto\"><span style=\"font-family: arial, helvetica, sans-serif; font-size: 14pt;\">W tym roku pakiet startowy 2025 zawiera:<\/span><\/div>\n<div dir=\"auto\"><span style=\"font-family: arial, helvetica, sans-serif; font-size: 14pt;\">numer startowy<\/span><\/div>\n<div dir=\"auto\"><span style=\"font-family: arial, helvetica, sans-serif; font-size: 14pt;\">chip do pomiaru czasu (zwrotny na mecie)<\/span><\/div>\n<div dir=\"auto\"><span style=\"font-family: arial, helvetica, sans-serif; font-size: 14pt;\">pami\u0105tkow\u0105 koszulk\u0119<\/span><\/div>\n<div dir=\"auto\"><span style=\"font-family: arial, helvetica, sans-serif; font-size: 14pt;\">wyj\u0105tkowy medal okoliczno\u015bciowy, przygotowany specjalnie na t\u0119 edycj\u0119<\/span><\/div>\n<\/div>\n<div class=\"x14z9mp xat24cr x1lziwak x1vvkbs xtlvy1s x126k92a\" style=\"text-align: center;\">\n<div dir=\"auto\"><span style=\"font-family: arial, helvetica, sans-serif; font-size: 14pt;\">UWAGA! Uczniowie szk\u00f3\u0142 podstawowych startuj\u0105 bezp\u0142atnie!<\/span><\/div>\n<div dir=\"auto\"><span style=\"font-family: arial, helvetica, sans-serif; font-size: 14pt;\">(Weryfikacja w biurze zawod\u00f3w na podstawie legitymacji szkolnej.)<\/span><\/div>\n<\/div>\n<div class=\"x14z9mp xat24cr x1lziwak x1vvkbs xtlvy1s x126k92a\">\n<div dir=\"auto\" style=\"text-align: center;\"><span style=\"font-family: arial, helvetica, sans-serif; font-size: 14pt;\"><span class=\"html-span xexx8yu xyri2b x18d9i69 x1c1uobl x1hl2dhg x16tdsg8 x1vvkbs x3nfvp2 x1j61x8r x1fcty0u xdj266r xat24cr xm2jcoa x1mpyi22 xxymvpz xlup9mm x1kky2od\"><img loading=\"lazy\" decoding=\"async\" class=\"xz74otr x15mokao x1ga7v0g x16uus16 xbiv7yw\" src=\"https:\/\/static.xx.fbcdn.net\/images\/emoji.php\/v9\/t2b\/1\/16\/1f4cb.png\" alt=\"\ud83d\udccb\" width=\"16\" height=\"16\"><\/span> Regulamin, szczeg\u00f3\u0142y oraz zapisy dost\u0119pne na stronie:<\/span><\/div>\n<div dir=\"auto\" style=\"text-align: center;\"><span style=\"font-family: arial, helvetica, sans-serif; font-size: 14pt;\"><span class=\"html-span xexx8yu xyri2b x18d9i69 x1c1uobl x1hl2dhg x16tdsg8 x1vvkbs x3nfvp2 x1j61x8r x1fcty0u xdj266r xat24cr xm2jcoa x1mpyi22 xxymvpz xlup9mm x1kky2od\"><img loading=\"lazy\" decoding=\"async\" class=\"xz74otr x15mokao x1ga7v0g x16uus16 xbiv7yw\" src=\"https:\/\/static.xx.fbcdn.net\/images\/emoji.php\/v9\/t51\/1\/16\/1f449.png\" alt=\"\ud83d\udc49\" width=\"16\" height=\"16\"><\/span> <span class=\"html-span xdj266r x14z9mp xat24cr x1lziwak xexx8yu xyri2b x18d9i69 x1c1uobl x1hl2dhg x16tdsg8 x1vvkbs\"><a class=\"x1i10hfl xjbqb8w x1ejq31n x18oe1m7 x1sy0etr xstzfhl x972fbf x10w94by x1qhh985 x14e42zd x9f619 x1ypdohk xt0psk2 x3ct3a4 xdj266r x14z9mp xat24cr x1lziwak xexx8yu xyri2b x18d9i69 x1c1uobl x16tdsg8 x1hl2dhg xggy1nq x1a2a7pz xkrqix3 x1sur9pj x1fey0fg x1s688f\" tabindex=\"0\" role=\"link\" href=\"https:\/\/superczas.pl\/dbn2025?fbclid=IwZXh0bgNhZW0CMTAAYnJpZBEwWWN1eXhLd041WTI5T1NUcAEe3ROUpEYWFSaFJKfg6ihXE35ICW5bw9gyvhqpxHQGIAOKgm_EiWOYRBpPuEI_aem_AacgsKuOKATm1cqDbL5qew#main\" target=\"_blank\" rel=\"nofollow noopener noreferrer\">https:\/\/superczas.pl\/dbn2025#main<\/a><\/span><\/span><\/div>\n<\/div>\n<div dir=\"auto\"><img loading=\"lazy\" decoding=\"async\" class=\"aligncenter wp-image-4942\" src=\"http:\/\/www.osir.dobremiasto.com.pl\/wp-content\/uploads\/2025\/10\/XIII-Dobromiejskie1-212x300.png\" alt=\"\" width=\"776\" height=\"1098\" srcset=\"https:\/\/www.osir.dobremiasto.com.pl\/wp-content\/uploads\/2025\/10\/XIII-Dobromiejskie1-212x300.png 212w, https:\/\/www.osir.dobremiasto.com.pl\/wp-content\/uploads\/2025\/10\/XIII-Dobromiejskie1-724x1024.png 724w, https:\/\/www.osir.dobremiasto.com.pl\/wp-content\/uploads\/2025\/10\/XIII-Dobromiejskie1-768x1086.png 768w, https:\/\/www.osir.dobremiasto.com.pl\/wp-content\/uploads\/2025\/10\/XIII-Dobromiejskie1-1086x1536.png 1086w, https:\/\/www.osir.dobremiasto.com.pl\/wp-content\/uploads\/2025\/10\/XIII-Dobromiejskie1-1448x2048.png 1448w, https:\/\/www.osir.dobremiasto.com.pl\/wp-content\/uploads\/2025\/10\/XIII-Dobromiejskie1.png 1587w\" sizes=\"(max-width: 776px) 100vw, 776px\" \/><\/div>\n<\/div>\n<\/div>\n<\/div>\n<\/div>\n<\/div>\n<\/div>\n","protected":false},"excerpt":{"rendered":"<p>XIII Dobromiejskie Biegi Niepodleg\u0142o\u015bci \u2013 11 listopada 2025 r. Ju\u017c po raz trzynasty spotkamy si\u0119, by uczci\u0107 \u015awi\u0119to Niepodleg\u0142o\u015bci na sportowo! Zapraszamy Pa\u0144stwa w dniu 11 listopada o godzinie 11:00 \u2013 tradycyjnie rozpoczniemy wsp\u00f3lnym, uroczystym od\u015bpiewaniem Hymnu Narodowego. W tym roku nasz bieg wychodzi poza ramy stadionu miejskiego \u2013 czeka [&hellip;]<\/p>\n","protected":false},"author":1,"featured_media":4942,"comment_status":"open","ping_status":"open","sticky":false,"template":"","format":"standard","meta":{"ngg_post_thumbnail":0,"footnotes":""},"categories":[1],"tags":[],"class_list":["post-4941","post","type-post","status-publish","format-standard","has-post-thumbnail","hentry","category-uncategorized"],"_links":{"self":[{"href":"https:\/\/www.osir.dobremiasto.com.pl\/index.php\/wp-json\/wp\/v2\/posts\/4941"}],"collection":[{"href":"https:\/\/www.osir.dobremiasto.com.pl\/index.php\/wp-json\/wp\/v2\/posts"}],"about":[{"href":"https:\/\/www.osir.dobremiasto.com.pl\/index.php\/wp-json\/wp\/v2\/types\/post"}],"author":[{"embeddable":true,"href":"https:\/\/www.osir.dobremiasto.com.pl\/index.php\/wp-json\/wp\/v2\/users\/1"}],"replies":[{"embeddable":true,"href":"https:\/\/www.osir.dobremiasto.com.pl\/index.php\/wp-json\/wp\/v2\/comments?post=4941"}],"version-history":[{"count":1,"href":"https:\/\/www.osir.dobremiasto.com.pl\/index.php\/wp-json\/wp\/v2\/posts\/4941\/revisions"}],"predecessor-version":[{"id":4944,"href":"https:\/\/www.osir.dobremiasto.com.pl\/index.php\/wp-json\/wp\/v2\/posts\/4941\/revisions\/4944"}],"wp:featuredmedia":[{"embeddable":true,"href":"https:\/\/www.osir.dobremiasto.com.pl\/index.php\/wp-json\/wp\/v2\/media\/4942"}],"wp:attachment":[{"href":"https:\/\/www.osir.dobremiasto.com.pl\/index.php\/wp-json\/wp\/v2\/media?parent=4941"}],"wp:term":[{"taxonomy":"category","embeddable":true,"href":"https:\/\/www.osir.dobremiasto.com.pl\/index.php\/wp-json\/wp\/v2\/categories?post=4941"},{"taxonomy":"post_tag","embeddable":true,"href":"https:\/\/www.osir.dobremiasto.com.pl\/index.php\/wp-json\/wp\/v2\/tags?post=4941"}],"curies":[{"name":"wp","href":"https:\/\/api.w.org\/{rel}","templated":true}]}}